{"id":13272,"date":"2021-04-23T16:25:40","date_gmt":"2021-04-23T21:25:40","guid":{"rendered":"https:\/\/encuentroinformativo.com.mx\/?p=13272"},"modified":"2021-04-23T16:25:44","modified_gmt":"2021-04-23T21:25:44","slug":"familia-confirma-muerte-de-monse-joven-agredida-por-su-pareja","status":"publish","type":"post","link":"https:\/\/encuentroinformativo.com.mx\/?p=13272","title":{"rendered":"Familia confirma muerte de Monse, joven agredida por su pareja"},"content":{"rendered":"\n<p><strong>Alejandro \u00c1vila<\/strong><\/p>\n\n\n\n<p>Boca del R\u00edo, Ver.- A trav\u00e9s de redes sociales, la se\u00f1ora Cecyl, madre de Montserrat Bendimes Roldan, confirm\u00f3 la muerte de su hija, quien d\u00edas atr\u00e1s hab\u00eda sido v\u00edctima de agresiones de Marlon &#8220;N&#8221;.<\/p>\n\n\n\n<p>La joven de apenas 20 a\u00f1os y estudiante de la UVM campus Boca del R\u00edo, falleci\u00f3 este 23 de abril luego de permanecer varios d\u00edas en el hospital.<\/p>\n\n\n\n<p>\u201cBuenas tardes\u2026 Mi familia: V\u00edctor, Leslie, Cecilia y MONTSERRITA, no tenemos con que pagar todas sus oraciones, atenciones, buenas vibras para mejorar la salud de mi hija \u2026pero hoy Dios y MONSERRITA tomaron la desici\u00f3n de viajar juntos de la mano&nbsp; e ir a un mundo mejor\u2026bendiciones y agradecida toda la vida.\u201d, public\u00f3 en su Facebook personal.<\/p>\n\n\n\n<p>Es de recordar que Monse fue agredida por Marlon hace unos d\u00edas, quien la golpe\u00f3 cuando se encontraban los dos en su casa ocasionado fractura en el cr\u00e1neo y otras lesiones.&nbsp;<\/p>\n\n\n\n<p>Los familiares temen que Marlon haya huido y se encuentre fuera del pa\u00eds pues hasta el momento no se ha logrado su detenci\u00f3n.&nbsp;<\/p>\n\n\n\n<p>Hasta el momento ni la Fiscal\u00eda General del Estado ni el gobierno de Cuitl\u00e1huac Garc\u00eda Jim\u00e9nez se han pronunciado respecto al caso.<\/p>\n","protected":false},"excerpt":{"rendered":"<p>Alejandro \u00c1vila Boca del R\u00edo, Ver.- A trav\u00e9s de redes sociales, la se\u00f1ora Cecyl, madre de Montserrat Bendimes Roldan, confirm\u00f3 la muerte de su hija, quien d\u00edas atr\u00e1s hab\u00eda sido v\u00edctima de agresiones de Marlon &#8220;N&#8221;. La joven de apenas 20 a\u00f1os y estudiante de la UVM campus Boca del R\u00edo, falleci\u00f3 este 23 de [&hellip;]<\/p>\n","protected":false},"author":1,"featured_media":13273,"comment_status":"open","ping_status":"open","sticky":false,"template":"","format":"standard","meta":{"_jetpack_memberships_contains_paid_content":false,"footnotes":""},"categories":[2],"tags":[],"class_list":["post-13272","post","type-post","status-publish","format-standard","has-post-thumbnail","hentry","category-estado"],"jetpack_featured_media_url":"https:\/\/encuentroinformativo.com.mx\/wp-content\/uploads\/2021\/04\/B0C93ECD-3B68-43A0-AFDF-3DCD92F8AEEE.jpeg","jetpack_sharing_enabled":true,"jetpack_likes_enabled":true,"amp_enabled":true,"_links":{"self":[{"href":"https:\/\/encuentroinformativo.com.mx\/index.php?rest_route=\/wp\/v2\/posts\/13272","targetHints":{"allow":["GET"]}}],"collection":[{"href":"https:\/\/encuentroinformativo.com.mx\/index.php?rest_route=\/wp\/v2\/posts"}],"about":[{"href":"https:\/\/encuentroinformativo.com.mx\/index.php?rest_route=\/wp\/v2\/types\/post"}],"author":[{"embeddable":true,"href":"https:\/\/encuentroinformativo.com.mx\/index.php?rest_route=\/wp\/v2\/users\/1"}],"replies":[{"embeddable":true,"href":"https:\/\/encuentroinformativo.com.mx\/index.php?rest_route=%2Fwp%2Fv2%2Fcomments&post=13272"}],"version-history":[{"count":1,"href":"https:\/\/encuentroinformativo.com.mx\/index.php?rest_route=\/wp\/v2\/posts\/13272\/revisions"}],"predecessor-version":[{"id":13274,"href":"https:\/\/encuentroinformativo.com.mx\/index.php?rest_route=\/wp\/v2\/posts\/13272\/revisions\/13274"}],"wp:featuredmedia":[{"embeddable":true,"href":"https:\/\/encuentroinformativo.com.mx\/index.php?rest_route=\/wp\/v2\/media\/13273"}],"wp:attachment":[{"href":"https:\/\/encuentroinformativo.com.mx\/index.php?rest_route=%2Fwp%2Fv2%2Fmedia&parent=13272"}],"wp:term":[{"taxonomy":"category","embeddable":true,"href":"https:\/\/encuentroinformativo.com.mx\/index.php?rest_route=%2Fwp%2Fv2%2Fcategories&post=13272"},{"taxonomy":"post_tag","embeddable":true,"href":"https:\/\/encuentroinformativo.com.mx\/index.php?rest_route=%2Fwp%2Fv2%2Ftags&post=13272"}],"curies":[{"name":"wp","href":"https:\/\/api.w.org\/{rel}","templated":true}]}}