{"id":13275,"date":"2021-04-23T17:27:16","date_gmt":"2021-04-23T22:27:16","guid":{"rendered":"https:\/\/encuentroinformativo.com.mx\/?p=13275"},"modified":"2021-04-23T17:27:20","modified_gmt":"2021-04-23T22:27:20","slug":"se-registra-guillermina-fernandez-para-alcaldia-de-ursulo-galvan","status":"publish","type":"post","link":"https:\/\/encuentroinformativo.com.mx\/?p=13275","title":{"rendered":"Se registra Guillermina Fern\u00e1ndez para alcald\u00eda de \u00darsulo Galv\u00e1n"},"content":{"rendered":"\n<p><strong>Redacci\u00f3n\u00a0<\/strong><\/p>\n\n\n\n<p>\u00darsulo Galv\u00e1n, Ver.- Este viernes la contadora Guillermina Fern\u00e1ndez Arroyo acudi\u00f3 ante las oficinas locales del Organismo P\u00fablico Local Electoral (OPLE) para solicitar su registro como candidata a la presidencia municipal abanderada por el partido Unidad Ciudadana.&nbsp;<\/p>\n\n\n\n<p>Acompa\u00f1ada de un peque\u00f1o grupo de simpatizantes en atenci\u00f3n a las medidas sanitarias que deben cumplirse, la contadora p\u00fablica de profesi\u00f3n agradeci\u00f3 el respaldo de los ciudadanos que la motivaron para contender por un cargo de elecci\u00f3n popular como es la alcald\u00eda de su municipio.&nbsp;<\/p>\n\n\n\n<p>\u201cAgradecida con todas y todos los ciudadanos que me dieron el apoyo para encabezar este partido, estoy preparada para dar la batalla en estas elecciones, somos un equipo fuerte de j\u00f3venes profesionistas y gente muy trabajadora. Como secretaria general recorr\u00ed las 21 comunidades y recog\u00ed cada una de las necesidades de cada ciudadano para integrarlo al plan de desarrollo municipal que entregaremos y mostraremos a nuestra gente de \u00darsulo Galv\u00e1n\u201d.<\/p>\n\n\n\n<p>Vamos con todo y esperamos contar con el apoyo de todas y todos los habitantes de nuestro municipio, enfatiz\u00f3.<\/p>\n\n\n\n<p>Fern\u00e1ndez Arroyo hizo un llamado a los aspirantes de los dem\u00e1s partidos pol\u00edticos para realizar campa\u00f1as \u201climpias\u201d y dejar a un lado la guerra sucia presentando propuestas para los habitantes galvanenses.&nbsp;<\/p>\n\n\n\n<p>Durante el acto protocolario efectuado en las oficinas del \u00f3rgano electoral, Guillermina Fern\u00e1ndez estuvo acompa\u00f1ada de integrantes de su planilla: el Doctor Pedro de Jes\u00fas Rosado Guzm\u00e1n, candidato a s\u00edndico \u00fanico; la licenciada Guadalupe Dom\u00ednguez Cort\u00e9s, candidata a la Regidur\u00eda primera; el Ingeniero Heber Guzm\u00e1n Mendoza, candidato a la Regidur\u00eda segunda; y Ang\u00e9lica Le\u00f3n Carmona, candidata a Regidora tercera; suplente de presidente la maestra Ana Lilia Cobos Barradas; suplente de s\u00edndico el licenciado Francisco Abdel Riera Reyes; suplentes de regidores, Cleotilde Figueroa, Luis Antonio Lagunas Landa, y Esperanza Linares Zavaleta, respectivamente.<\/p>\n","protected":false},"excerpt":{"rendered":"<p>Redacci\u00f3n\u00a0 \u00darsulo Galv\u00e1n, Ver.- Este viernes la contadora Guillermina Fern\u00e1ndez Arroyo acudi\u00f3 ante las oficinas locales del Organismo P\u00fablico Local Electoral (OPLE) para solicitar su registro como candidata a la presidencia municipal abanderada por el partido Unidad Ciudadana.&nbsp; Acompa\u00f1ada de un peque\u00f1o grupo de simpatizantes en atenci\u00f3n a las medidas sanitarias que deben cumplirse, la [&hellip;]<\/p>\n","protected":false},"author":1,"featured_media":13276,"comment_status":"open","ping_status":"open","sticky":false,"template":"","format":"standard","meta":{"_jetpack_memberships_contains_paid_content":false,"footnotes":""},"categories":[8],"tags":[],"class_list":["post-13275","post","type-post","status-publish","format-standard","has-post-thumbnail","hentry","category-region"],"jetpack_featured_media_url":"https:\/\/encuentroinformativo.com.mx\/wp-content\/uploads\/2021\/04\/423AF037-81C4-48DF-9AD2-D9929ED3D514.jpeg","jetpack_sharing_enabled":true,"jetpack_likes_enabled":true,"amp_enabled":true,"_links":{"self":[{"href":"https:\/\/encuentroinformativo.com.mx\/index.php?rest_route=\/wp\/v2\/posts\/13275","targetHints":{"allow":["GET"]}}],"collection":[{"href":"https:\/\/encuentroinformativo.com.mx\/index.php?rest_route=\/wp\/v2\/posts"}],"about":[{"href":"https:\/\/encuentroinformativo.com.mx\/index.php?rest_route=\/wp\/v2\/types\/post"}],"author":[{"embeddable":true,"href":"https:\/\/encuentroinformativo.com.mx\/index.php?rest_route=\/wp\/v2\/users\/1"}],"replies":[{"embeddable":true,"href":"https:\/\/encuentroinformativo.com.mx\/index.php?rest_route=%2Fwp%2Fv2%2Fcomments&post=13275"}],"version-history":[{"count":1,"href":"https:\/\/encuentroinformativo.com.mx\/index.php?rest_route=\/wp\/v2\/posts\/13275\/revisions"}],"predecessor-version":[{"id":13277,"href":"https:\/\/encuentroinformativo.com.mx\/index.php?rest_route=\/wp\/v2\/posts\/13275\/revisions\/13277"}],"wp:featuredmedia":[{"embeddable":true,"href":"https:\/\/encuentroinformativo.com.mx\/index.php?rest_route=\/wp\/v2\/media\/13276"}],"wp:attachment":[{"href":"https:\/\/encuentroinformativo.com.mx\/index.php?rest_route=%2Fwp%2Fv2%2Fmedia&parent=13275"}],"wp:term":[{"taxonomy":"category","embeddable":true,"href":"https:\/\/encuentroinformativo.com.mx\/index.php?rest_route=%2Fwp%2Fv2%2Fcategories&post=13275"},{"taxonomy":"post_tag","embeddable":true,"href":"https:\/\/encuentroinformativo.com.mx\/index.php?rest_route=%2Fwp%2Fv2%2Ftags&post=13275"}],"curies":[{"name":"wp","href":"https:\/\/api.w.org\/{rel}","templated":true}]}}