{"id":13281,"date":"2021-04-23T18:05:33","date_gmt":"2021-04-23T23:05:33","guid":{"rendered":"https:\/\/encuentroinformativo.com.mx\/?p=13281"},"modified":"2021-04-23T18:05:36","modified_gmt":"2021-04-23T23:05:36","slug":"alarma-por-balacera-en-emilio-carranza","status":"publish","type":"post","link":"https:\/\/encuentroinformativo.com.mx\/?p=13281","title":{"rendered":"Alarma por balacera en Emilio Carranza"},"content":{"rendered":"\n<p><strong>Dar\u00edo Pale <\/strong><\/p>\n\n\n\n<p>Xalapa, Ver.- Caus\u00f3 una fuerte movilizaci\u00f3n polic\u00edaca el hecho de que la tarde de este d\u00eda en la localidad de Emilio Carranza del municipio de Vega de Alatorre reportaran la privaci\u00f3n de la libertad de una persona del sexo masculino el cual seg\u00fan se\u00f1alan es gallero.<\/p>\n\n\n\n<p>Seg\u00fan algunos reportes se\u00f1alan que una persona fue privada de su libertad por sujetos desconocidos sin que se supiera el paradero del mismo, por lo que elementos de Seguridad P\u00fablica  implementaron un operativo en toda esa zona donde tambi\u00e9n particip\u00f3 un helic\u00f3ptero de dicha dependencia.<\/p>\n\n\n\n<p>Algunas personas reportaron un tiroteo el cual seg\u00fan ocurri\u00f3 en la carretera a Poza Rica, entre Vega de Alatorre y Emilio Carranza; de manera preliminar se reporta una persona fallecida y al parecer un secuestrado.<\/p>\n\n\n\n<p>El incidente fue observado tanto por vecinos como por automovilistas, que detuvieron su marcha y buscaron protegerse de las balas, por lo que tras\u00a0el tiroteo, los agresores huyeron y aparentemente se llevaron secuestrado a un gallero quien responde al nombre de Abdiel Olmos de 26 a\u00f1os, adem\u00e1s de que al parecer le causaron la muerte.<\/p>\n\n\n\n<p>La Secretar\u00eda de Seguridad P\u00fablica envi\u00f3 elementos de la Polic\u00eda Estatal y de la Fuerza Civil para acordonar la zona tambi\u00e9n llegaron efectivos de la Guardia Nacional Divisi\u00f3n Caminos, para apoyar en el operativo.<\/p>\n\n\n\n<p>Finalmente el tr\u00e1fico vehicular fue interrumpido parcialmente a causa de lo sucedido, adem\u00e1s de que se solicit\u00f3 la presencia del personal de la FGE para que diera fe de los hechos.<\/p>\n","protected":false},"excerpt":{"rendered":"<p>Dar\u00edo Pale Xalapa, Ver.- Caus\u00f3 una fuerte movilizaci\u00f3n polic\u00edaca el hecho de que la tarde de este d\u00eda en la localidad de Emilio Carranza del municipio de Vega de Alatorre reportaran la privaci\u00f3n de la libertad de una persona del sexo masculino el cual seg\u00fan se\u00f1alan es gallero. Seg\u00fan algunos reportes se\u00f1alan que una persona [&hellip;]<\/p>\n","protected":false},"author":1,"featured_media":4991,"comment_status":"open","ping_status":"open","sticky":false,"template":"","format":"standard","meta":{"_jetpack_memberships_contains_paid_content":false,"footnotes":""},"categories":[14],"tags":[],"class_list":["post-13281","post","type-post","status-publish","format-standard","has-post-thumbnail","hentry","category-policiaca"],"jetpack_featured_media_url":"https:\/\/encuentroinformativo.com.mx\/wp-content\/uploads\/2020\/08\/3886EA4E-5EED-4398-841D-DDB66A3BB930.jpeg","jetpack_sharing_enabled":true,"jetpack_likes_enabled":true,"amp_enabled":true,"_links":{"self":[{"href":"https:\/\/encuentroinformativo.com.mx\/index.php?rest_route=\/wp\/v2\/posts\/13281","targetHints":{"allow":["GET"]}}],"collection":[{"href":"https:\/\/encuentroinformativo.com.mx\/index.php?rest_route=\/wp\/v2\/posts"}],"about":[{"href":"https:\/\/encuentroinformativo.com.mx\/index.php?rest_route=\/wp\/v2\/types\/post"}],"author":[{"embeddable":true,"href":"https:\/\/encuentroinformativo.com.mx\/index.php?rest_route=\/wp\/v2\/users\/1"}],"replies":[{"embeddable":true,"href":"https:\/\/encuentroinformativo.com.mx\/index.php?rest_route=%2Fwp%2Fv2%2Fcomments&post=13281"}],"version-history":[{"count":1,"href":"https:\/\/encuentroinformativo.com.mx\/index.php?rest_route=\/wp\/v2\/posts\/13281\/revisions"}],"predecessor-version":[{"id":13282,"href":"https:\/\/encuentroinformativo.com.mx\/index.php?rest_route=\/wp\/v2\/posts\/13281\/revisions\/13282"}],"wp:featuredmedia":[{"embeddable":true,"href":"https:\/\/encuentroinformativo.com.mx\/index.php?rest_route=\/wp\/v2\/media\/4991"}],"wp:attachment":[{"href":"https:\/\/encuentroinformativo.com.mx\/index.php?rest_route=%2Fwp%2Fv2%2Fmedia&parent=13281"}],"wp:term":[{"taxonomy":"category","embeddable":true,"href":"https:\/\/encuentroinformativo.com.mx\/index.php?rest_route=%2Fwp%2Fv2%2Fcategories&post=13281"},{"taxonomy":"post_tag","embeddable":true,"href":"https:\/\/encuentroinformativo.com.mx\/index.php?rest_route=%2Fwp%2Fv2%2Ftags&post=13281"}],"curies":[{"name":"wp","href":"https:\/\/api.w.org\/{rel}","templated":true}]}}