{"id":13288,"date":"2021-04-24T12:14:13","date_gmt":"2021-04-24T17:14:13","guid":{"rendered":"https:\/\/encuentroinformativo.com.mx\/?p=13288"},"modified":"2021-04-24T12:14:17","modified_gmt":"2021-04-24T17:14:17","slug":"leer-como-hacer-ejercicio","status":"publish","type":"post","link":"https:\/\/encuentroinformativo.com.mx\/?p=13288","title":{"rendered":"Leer como hacer ejercicio"},"content":{"rendered":"\n<p id=\"m_5575085216339810679gmail-m_-7618804723054479611docs-internal-guid-48e22907-7fff-4a33-ae7d-e5eb1f31e7f4\"><strong>N\u00fameros Rojos<\/strong><\/p>\n\n\n\n<p><strong>Brenda Caballero<\/strong><\/p>\n\n\n\n<p>Mi whatsapp suena. No puedo evitar descargar y escuchar la lectura del d\u00eda: Hoy 23 de abril celebramos el D\u00eda Internacional del Libro y de los Derechos de Autor. Esta vez les voy a compartir de la presentaci\u00f3n que hace Don Sergio Pitol a la Colecci\u00f3n Bibliotecaria del Universitario editada por la Universidad Veracruzana que dice: \u201cLa palabra Libro est\u00e1 muy cercana a la palabra Libre; s\u00f3lo la letra final las distancia: la O de Libro y la E de Libre. No s\u00e9 si ambos vocablos vienen del lat\u00edn Liber (libro), pero lo cierto es que se complementan perfectamente. El libro es uno de los instrumentos creados por el hombre para hacernos libres&#8230; libres de la ignorancia y de la ignominia&#8230; libres tambi\u00e9n de los demonios, de los tiranos, de fiebres milenaristas y turbios legionarios&#8230; del oprobio, de la trivialidad, de la peque\u00f1ez. El libro afirma la libertad, muestra opciones y caminos distintos; establece la individualidad; al mismo tiempo fortalece a la sociedad y exalta la imaginaci\u00f3n. Ha habido libros malditos en toda la historia, libros que encarcelan la inteligencia, la congelan y manchan a la humanidad, pero ellos quedan vencidos por otros: los generosos y celebratorios a la vida, como El Quijote, La guerra y la paz, de Le\u00f3n Tolstoi; las novelas de P\u00e9rez Gald\u00f3s; todo Dickens, todo Shakespeare, La monta\u00f1a m\u00e1gica de Thomas Mann; los poemas de Whitman, los ensayos de Alfonso Reyes y la poes\u00eda de Rub\u00e9n Dar\u00edo, L\u00f3pez Velarde, Carlos Pellicer, Pablo Neruda, Octavio Paz, Antonio Machado, Luis Cernuda y tant\u00edsimos m\u00e1s que contin\u00faan derrotando a los demonios. Si el hombre no hubiese creado la escritura no habr\u00edamos salido de las cavernas. A trav\u00e9s del libro conocemos todo lo que est\u00e1 en nuestro pasado. Es la fotograf\u00eda y tambi\u00e9n la radiograf\u00eda de los usos y costumbres de todas las distintas civilizaciones y sus movimientos. Por los libros hemos conocido el pensamiento s\u00e1nscrito, chino, griego, \u00e1rabe, el de todos los siglos y todas las naciones\u201d. Por eso hoy les invito a leer\u2026 \u00a1Es D\u00eda del Libro!<\/p>\n\n\n\n<p>De inmediato agradezco la lectura y llamo a Jes\u00fas Eduardo Palomino Mart\u00ednez, Director de la USBI Poza Rica y Coordinador Regional de Bibliotecas.<\/p>\n\n\n\n<p>\u00a1Se me olvid\u00f3 que era D\u00eda Internacional del Libro! Le digo apenada. Jes\u00fas siempre tan amable me comenta sobre lo que me acaba de leer. Sergio Pitol escribi\u00f3 la presentaci\u00f3n de la biblioteca en 2007. La colecci\u00f3n se hizo para fomentar la lectura en los universitarios. A trav\u00e9s del tiempo ha ido creciendo. Actualmente tiene alrededor de 70 t\u00edtulos, entre las que menciona&nbsp; Cumbres Borrascosas, Antolog\u00eda del cuento mexicano, As\u00ed habl\u00f3 Zaratustra, entre muchos m\u00e1s.<\/p>\n\n\n\n<p>Pero d\u00e9jeme comentarle que todos los d\u00edas recibo audios de lectura de Jes\u00fas. Un d\u00eda lo escucho leer sobre una cebra, otro d\u00eda algo rom\u00e1ntico, a veces algo infantil o hasta consternante como aquel texto de la boa que se comi\u00f3 a un conejo, pero que la verdadera batalla entre los animales fue al llevarse a cabo el proceso digestivo. \u201cNi la pata de conejo lo salv\u00f3\u201d le dijo uno de sus amigos al escuchar el audio, llevando el tema a la suerte. Cada quien puede interpretar la lectura de diferente manera, es muy subjetivo, incluso te lleva a so\u00f1ar como el Hipop\u00f3tamo de Juan Jos\u00e9 Arreola.<\/p>\n\n\n\n<p>La iniciativa de Jes\u00fas&nbsp; de hacer peque\u00f1os audios de lectura y mandarlos v\u00eda whatsapp surgi\u00f3 en plena pandemia, a raz\u00f3n de que muchos de sus amigos y amigas le dec\u00edan. \u201cNo tengo tiempo de leer\u201d.&nbsp;<\/p>\n\n\n\n<p>No tienes que leer un libro completo, me dice, puedes leer fragmentos o lecturas cortas.&nbsp;<\/p>\n\n\n\n<p>\u00bfInfluye tu estado de \u00e1nimo al escoger la lectura del d\u00eda que mandar\u00e1s? Le pregunto. \u201cNo, las lecturas las escojo al azar, abro el libro y all\u00ed est\u00e1 lo que voy a leer y mandar. Aunque la lectura de ayer s\u00ed fue buscada a prop\u00f3sito del D\u00eda Internacional del Libro, me dice.<\/p>\n\n\n\n<p>Despu\u00e9s de grabarlas, las distribuye en grupos a trav\u00e9s de redes sociales o whatsapp.<\/p>\n\n\n\n<p>Para Jes\u00fas es muy importante fomentar la lectura, tanto que tambi\u00e9n tiene un grupo de lectura nocturna. En \u00e9l, todas las noches comparte 4 \u00f3 5 p\u00e1ginas o lo equivalente a 10 megas de grabaci\u00f3n.&nbsp;<\/p>\n\n\n\n<p>\u201cAhorita estamos leyendo Persona Normal de Benito Taibo, es una lectura muy interesante, ya que el personaje principal a los 13 a\u00f1os tiene una biblioteca propia, lo que lleva a otra historia o libro dentro del mismo, es como si estuvi\u00e9ramos hablando de los links que hacen vinculaciones\u201d.<\/p>\n\n\n\n<p>Jes\u00fas quiere cambiar la inercia de \u201cno tengo tiempo\u201d por lo que invita a todos y todas las que gusten que les env\u00ede sus audios diario nocturno de manera virtual, se comuniquen con \u00e9l a su correo personal:&nbsp; <a href=\"mailto:jepalominomtz@gmail.com\" target=\"_blank\" rel=\"noreferrer noopener\">jepalominomtz@gmail.com<\/a> y le manifiesten ese inter\u00e9s.<\/p>\n\n\n\n<p>\u00bfCrees que con la pandemia hemos cambiado nuestros h\u00e1bitos de lectura? Le pregunto. \u201cDesde que abrimos los ojos hasta que los cerramos, leemos mensajes, noticias, redes sociales. Nos hemos adaptado a leer en pantalla, pasamos m\u00e1s tiempo en ella a trav\u00e9s de un celular, una tablet o una computadora, somos m\u00e1s digitales; la misma educaci\u00f3n pas\u00f3 a ser a distancia. Consumimos m\u00e1s en digital. Se ha diversificado la lectura en bibliotecas virtuales, y han mejorado su venta y distribuci\u00f3n\u201d.<\/p>\n\n\n\n<p>Ante ello, le pregunto que si considera que la pirater\u00eda se ha incrementado. \u201cNo necesariamente, actualmente en varios sitios de internet, se pueden leer libremente textos donde se respetan los derechos de autor. Aunque con la pandemia no es f\u00e1cil de conseguir libros f\u00edsicos; hay problema de distribuci\u00f3n de libros extranjeros, se ha retrasado. La pandemia oblig\u00f3 a cerrar muchos espacios f\u00edsicos, lo que nos llev\u00f3 a suscribirnos a revistas electr\u00f3nicas, a leer en l\u00ednea, pero respetando derechos de autor, ya que no te permite la descarga de todo el contenido, apenas unas p\u00e1ginas\u201d.<\/p>\n\n\n\n<p>Jes\u00fas me indica que ya han dado apertura parcial a la Biblioteca en Poza Rica. \u201cSeguimos todos los&nbsp; lineamientos generales de sanidad a nivel federal y de la Universidad Veracruzana. Se toma la temperatura, se proporciona gel, se tiene distancia de 2 metros entre las mesas, las cuales tienen una silla \u00fanicamente. El aforo es del 50 por ciento, es decir, 150 personas por el momento, aunque no hay mucha asistencia porque se siguen cuidando. El servicio de estanter\u00eda est\u00e1 cerrado. No pasa el alumno. Los libros son proporcionados por el personal. Al llevarse un libro, se escanea a distancia con c\u00f3digo de barras, y cuando el usuario lo entrega, es depositado en una caja por 7 d\u00edas, por si va&nbsp; infectado; posteriormente se regresa en la estanter\u00eda correspondiente. Ahora bien, si el libro tiene mucha demanda, se procesa con un nebulizador casero y etanol al 70% que no da\u00f1a ni moja el libro porque se asemeja a un gas. Esto se hace por 2 \u00f3 3 minutos\u201d.<\/p>\n\n\n\n<p>Antes de finalizar, Jes\u00fas vuelve a hacer la invitaci\u00f3n a que leamos. Es necesario leer 10 \u00f3 20 minutos al d\u00eda, como si hici\u00e9ramos ejercicio. No importa si es el Libro Vaquero; incluso, m\u00e1s que contestar cu\u00e1ntos libros hemos le\u00eddo hay que cuestionarse de qu\u00e9 sirve si le\u00edste mil y no los recuerdas&#8230; Debemos pensar qu\u00e9 libros han dejado algo en nuestras vidas. Y tal vez preguntarnos \u00bfQu\u00e9 leen los que dicen que no leen?&nbsp;<\/p>\n\n\n\n<p>@NumerosRojos_BC<\/p>\n\n\n\n<p><a href=\"mailto:caballero_brenda@hotmail.com\" target=\"_blank\" rel=\"noreferrer noopener\">caballero_brenda@hotmail.com<\/a><\/p>\n","protected":false},"excerpt":{"rendered":"<p>N\u00fameros Rojos Brenda Caballero Mi whatsapp suena. No puedo evitar descargar y escuchar la lectura del d\u00eda: Hoy 23 de abril celebramos el D\u00eda Internacional del Libro y de los Derechos de Autor. Esta vez les voy a compartir de la presentaci\u00f3n que hace Don Sergio Pitol a la Colecci\u00f3n Bibliotecaria del Universitario editada por [&hellip;]<\/p>\n","protected":false},"author":1,"featured_media":70,"comment_status":"open","ping_status":"open","sticky":false,"template":"","format":"standard","meta":{"_jetpack_memberships_contains_paid_content":false,"footnotes":""},"categories":[11],"tags":[],"class_list":["post-13288","post","type-post","status-publish","format-standard","has-post-thumbnail","hentry","category-opinion"],"jetpack_featured_media_url":"https:\/\/encuentroinformativo.com.mx\/wp-content\/uploads\/2020\/02\/opinion-invitado.jpg","jetpack_sharing_enabled":true,"jetpack_likes_enabled":true,"amp_enabled":true,"_links":{"self":[{"href":"https:\/\/encuentroinformativo.com.mx\/index.php?rest_route=\/wp\/v2\/posts\/13288","targetHints":{"allow":["GET"]}}],"collection":[{"href":"https:\/\/encuentroinformativo.com.mx\/index.php?rest_route=\/wp\/v2\/posts"}],"about":[{"href":"https:\/\/encuentroinformativo.com.mx\/index.php?rest_route=\/wp\/v2\/types\/post"}],"author":[{"embeddable":true,"href":"https:\/\/encuentroinformativo.com.mx\/index.php?rest_route=\/wp\/v2\/users\/1"}],"replies":[{"embeddable":true,"href":"https:\/\/encuentroinformativo.com.mx\/index.php?rest_route=%2Fwp%2Fv2%2Fcomments&post=13288"}],"version-history":[{"count":1,"href":"https:\/\/encuentroinformativo.com.mx\/index.php?rest_route=\/wp\/v2\/posts\/13288\/revisions"}],"predecessor-version":[{"id":13289,"href":"https:\/\/encuentroinformativo.com.mx\/index.php?rest_route=\/wp\/v2\/posts\/13288\/revisions\/13289"}],"wp:featuredmedia":[{"embeddable":true,"href":"https:\/\/encuentroinformativo.com.mx\/index.php?rest_route=\/wp\/v2\/media\/70"}],"wp:attachment":[{"href":"https:\/\/encuentroinformativo.com.mx\/index.php?rest_route=%2Fwp%2Fv2%2Fmedia&parent=13288"}],"wp:term":[{"taxonomy":"category","embeddable":true,"href":"https:\/\/encuentroinformativo.com.mx\/index.php?rest_route=%2Fwp%2Fv2%2Fcategories&post=13288"},{"taxonomy":"post_tag","embeddable":true,"href":"https:\/\/encuentroinformativo.com.mx\/index.php?rest_route=%2Fwp%2Fv2%2Ftags&post=13288"}],"curies":[{"name":"wp","href":"https:\/\/api.w.org\/{rel}","templated":true}]}}