{"id":13290,"date":"2021-04-24T12:39:36","date_gmt":"2021-04-24T17:39:36","guid":{"rendered":"https:\/\/encuentroinformativo.com.mx\/?p=13290"},"modified":"2021-04-24T12:39:40","modified_gmt":"2021-04-24T17:39:40","slug":"con-personajes-promoveran-recorridos-por-centro-de-veracruz","status":"publish","type":"post","link":"https:\/\/encuentroinformativo.com.mx\/?p=13290","title":{"rendered":"Con personajes promover\u00e1n recorridos por centro de Veracruz"},"content":{"rendered":"\n<p><strong>Alejandro \u00c1vila<\/strong><\/p>\n\n\n\n<p>Veracruz, Ver.- El &#8220;Benem\u00e9rito de las Am\u00e9ricas&#8221;, Benito Ju\u00e1rez Garc\u00eda, estar\u00e1 todos los fines de semana en el Centro Hist\u00f3rico de Veracruz, donde dar\u00e1 recorridos, se tomar\u00e1 fotos y explicar\u00e1 a los turistas el legado cultural que dej\u00f3 en la ciudad.<\/p>\n\n\n\n<p>Esta iniciativa del Consejo Metropolitano de Turismo, que preside Sergio Lois Heredia, tiene como objetivo presentar un nuevo atractivo para los visitantes a la ciudad; se pretende que en meses posteriores, se concreten otros personajes para hacer m\u00e1s llamativas las visitas al primer cuadro de la ciudad.<\/p>\n\n\n\n<p>El maestro de artes, Eulogio Arellano Casta\u00f1eda, ha sido el designado, por su parecido, para dar vida a Benito Ju\u00e1rez, ya que adem\u00e1s, tiene una amplia experiencia dando a conocer la vida del ex presidente de M\u00e9xico.<\/p>\n\n\n\n<p>&#8220;Como yo hab\u00eda participado en un documental que se llama &#8216;Ju\u00e1rez en Veracruz&#8217; que se present\u00f3 en el Gran Festival de San Juan de Ul\u00faa en 2017, ah\u00ed nos conocimos y \u00e9l me hace la invitaci\u00f3n para que yo represente a Benem\u00e9rito de las Am\u00e9ricas y oriente a toda persona que nos visite, hablando de turismo o no turismo, pero que visite el Centro Hist\u00f3rico, y yo les d\u00e9 una orientaci\u00f3n de donde est\u00e1n los centros culturales, hist\u00f3ricos, que puedan visitar&#8221;, expres\u00f3.<\/p>\n\n\n\n<p>La presentaci\u00f3n se hizo este viernes por la tarde, donde estuvieron presentes Marcel Van Eyck, presidente de CANIRAC Veracruz, adem\u00e1s de Jos\u00e9 Gabriel Ben\u00edtez Cabrera, Gran Maestro de la Gran Logia Unida Mexicana y de Libres y Aceptados Masones.<\/p>\n","protected":false},"excerpt":{"rendered":"<p>Alejandro \u00c1vila Veracruz, Ver.- El &#8220;Benem\u00e9rito de las Am\u00e9ricas&#8221;, Benito Ju\u00e1rez Garc\u00eda, estar\u00e1 todos los fines de semana en el Centro Hist\u00f3rico de Veracruz, donde dar\u00e1 recorridos, se tomar\u00e1 fotos y explicar\u00e1 a los turistas el legado cultural que dej\u00f3 en la ciudad. Esta iniciativa del Consejo Metropolitano de Turismo, que preside Sergio Lois Heredia, [&hellip;]<\/p>\n","protected":false},"author":1,"featured_media":13291,"comment_status":"open","ping_status":"open","sticky":false,"template":"","format":"standard","meta":{"_jetpack_memberships_contains_paid_content":false,"footnotes":""},"categories":[2],"tags":[],"class_list":["post-13290","post","type-post","status-publish","format-standard","has-post-thumbnail","hentry","category-estado"],"jetpack_featured_media_url":"https:\/\/encuentroinformativo.com.mx\/wp-content\/uploads\/2021\/04\/0D4717CE-2C0D-4FDB-82B6-415BEA6E2629.jpeg","jetpack_sharing_enabled":true,"jetpack_likes_enabled":true,"amp_enabled":true,"_links":{"self":[{"href":"https:\/\/encuentroinformativo.com.mx\/index.php?rest_route=\/wp\/v2\/posts\/13290","targetHints":{"allow":["GET"]}}],"collection":[{"href":"https:\/\/encuentroinformativo.com.mx\/index.php?rest_route=\/wp\/v2\/posts"}],"about":[{"href":"https:\/\/encuentroinformativo.com.mx\/index.php?rest_route=\/wp\/v2\/types\/post"}],"author":[{"embeddable":true,"href":"https:\/\/encuentroinformativo.com.mx\/index.php?rest_route=\/wp\/v2\/users\/1"}],"replies":[{"embeddable":true,"href":"https:\/\/encuentroinformativo.com.mx\/index.php?rest_route=%2Fwp%2Fv2%2Fcomments&post=13290"}],"version-history":[{"count":1,"href":"https:\/\/encuentroinformativo.com.mx\/index.php?rest_route=\/wp\/v2\/posts\/13290\/revisions"}],"predecessor-version":[{"id":13292,"href":"https:\/\/encuentroinformativo.com.mx\/index.php?rest_route=\/wp\/v2\/posts\/13290\/revisions\/13292"}],"wp:featuredmedia":[{"embeddable":true,"href":"https:\/\/encuentroinformativo.com.mx\/index.php?rest_route=\/wp\/v2\/media\/13291"}],"wp:attachment":[{"href":"https:\/\/encuentroinformativo.com.mx\/index.php?rest_route=%2Fwp%2Fv2%2Fmedia&parent=13290"}],"wp:term":[{"taxonomy":"category","embeddable":true,"href":"https:\/\/encuentroinformativo.com.mx\/index.php?rest_route=%2Fwp%2Fv2%2Fcategories&post=13290"},{"taxonomy":"post_tag","embeddable":true,"href":"https:\/\/encuentroinformativo.com.mx\/index.php?rest_route=%2Fwp%2Fv2%2Ftags&post=13290"}],"curies":[{"name":"wp","href":"https:\/\/api.w.org\/{rel}","templated":true}]}}