{"id":13293,"date":"2021-04-24T13:15:37","date_gmt":"2021-04-24T18:15:37","guid":{"rendered":"https:\/\/encuentroinformativo.com.mx\/?p=13293"},"modified":"2021-04-24T13:15:42","modified_gmt":"2021-04-24T18:15:42","slug":"organos-de-procuracion-de-justicia-realizan-persecucion-politica-partidos","status":"publish","type":"post","link":"https:\/\/encuentroinformativo.com.mx\/?p=13293","title":{"rendered":"\u00d3rganos de procuraci\u00f3n de justicia realizan persecuci\u00f3n pol\u00edtica: Partidos"},"content":{"rendered":"\n<p><strong>Alejandro \u00c1vila<\/strong><\/p>\n\n\n\n<p>Veracruz, Ver.- Los \u00f3rganos que deber\u00edan ser aut\u00f3nomos y enfocarse en la procuraci\u00f3n de justicia, para garantizar la paz y seguridad de los veracruzanos y sus familias, est\u00e1n siendo utilizados para hostigar y amedrentar a las voces opositoras.<\/p>\n\n\n\n<p>Este s\u00e1bado 24 de abril, los presidente del PAN, Joaqu\u00edn Guzm\u00e1n Avil\u00e9s, y del PRI, Marlon Ram\u00edrez Mar\u00edn, de la alianza &#8220;Veracruz Va&#8221;, que conforman con el PRD, dieron rueda de prensa en conocido hotel del Centro Hist\u00f3rico de Veracruz puerto.<\/p>\n\n\n\n<p>&#8220;Hoy, mientras las familias de personas desaparecidas, y familias de v\u00edctimas de feminicidios, y miles de mujeres y ni\u00f1as esperan justicia, las autoridades encargadas de serlo, est\u00e1n ocupadas en intentar silenciar y amagar a la oposici\u00f3n, por eso, nos sumamos a la exigencia de alto a la represi\u00f3n pol\u00edtica, alto mal uso de los \u00f3rganos de procuraci\u00f3n de justicia, alto al hostigamiento, alto al autoritarismo. En Veracruz no existir\u00e1 paz y justicia, mientras las autoridades encargadas de la procuraci\u00f3n de justicia sean utilizadas de manera parcial y con fines pol\u00edticos. Exigimos la libertad para los presos pol\u00edticos, libertad para las instituciones aut\u00f3nomas, libertad para Veracruz&#8221;, se\u00f1al\u00f3 Guzm\u00e1n Avil\u00e9s.<\/p>\n\n\n\n<p>El l\u00edder blanquiazul, lament\u00f3 que precisamente durante el proceso electoral que est\u00e1 en curso, en menos de dos meses se han realizado detenciones contra pre candidatos de la alianza &#8216;Veracruz Va&#8217;, siendo la \u00faltima el d\u00eda de ayer en Minatitl\u00e1n, sobre el pre candidato a la alcald\u00eda, Nicol\u00e1s &#8220;N&#8221;, a quien se le acusa de coacci\u00f3n y amenazas.<\/p>\n\n\n\n<p>Estas detenciones, expuso, luces forzadas, y son un claro mensaje del Gobierno de Veracruz, para obstruir las candidaturas de que quienes se posicionan en la preferencia del electorado y claramente contribuir\u00e1n a rescatar a Veracruz, asest\u00f3.<\/p>\n\n\n\n<p>Finalmente, recalc\u00f3 que los organismos de procuraci\u00f3n de justicia, deben dar seguridad a la ciudadan\u00eda y sus familias, y no ser la herramienta de MORENA para violentar a las voces opositoras al gobierno.<\/p>\n","protected":false},"excerpt":{"rendered":"<p>Alejandro \u00c1vila Veracruz, Ver.- Los \u00f3rganos que deber\u00edan ser aut\u00f3nomos y enfocarse en la procuraci\u00f3n de justicia, para garantizar la paz y seguridad de los veracruzanos y sus familias, est\u00e1n siendo utilizados para hostigar y amedrentar a las voces opositoras. Este s\u00e1bado 24 de abril, los presidente del PAN, Joaqu\u00edn Guzm\u00e1n Avil\u00e9s, y del PRI, [&hellip;]<\/p>\n","protected":false},"author":1,"featured_media":13294,"comment_status":"open","ping_status":"open","sticky":false,"template":"","format":"standard","meta":{"_jetpack_memberships_contains_paid_content":false,"footnotes":""},"categories":[2],"tags":[],"class_list":["post-13293","post","type-post","status-publish","format-standard","has-post-thumbnail","hentry","category-estado"],"jetpack_featured_media_url":"https:\/\/encuentroinformativo.com.mx\/wp-content\/uploads\/2021\/04\/E438B328-1371-4A3C-9187-8E18532DDE99.jpeg","jetpack_sharing_enabled":true,"jetpack_likes_enabled":true,"amp_enabled":true,"_links":{"self":[{"href":"https:\/\/encuentroinformativo.com.mx\/index.php?rest_route=\/wp\/v2\/posts\/13293","targetHints":{"allow":["GET"]}}],"collection":[{"href":"https:\/\/encuentroinformativo.com.mx\/index.php?rest_route=\/wp\/v2\/posts"}],"about":[{"href":"https:\/\/encuentroinformativo.com.mx\/index.php?rest_route=\/wp\/v2\/types\/post"}],"author":[{"embeddable":true,"href":"https:\/\/encuentroinformativo.com.mx\/index.php?rest_route=\/wp\/v2\/users\/1"}],"replies":[{"embeddable":true,"href":"https:\/\/encuentroinformativo.com.mx\/index.php?rest_route=%2Fwp%2Fv2%2Fcomments&post=13293"}],"version-history":[{"count":1,"href":"https:\/\/encuentroinformativo.com.mx\/index.php?rest_route=\/wp\/v2\/posts\/13293\/revisions"}],"predecessor-version":[{"id":13295,"href":"https:\/\/encuentroinformativo.com.mx\/index.php?rest_route=\/wp\/v2\/posts\/13293\/revisions\/13295"}],"wp:featuredmedia":[{"embeddable":true,"href":"https:\/\/encuentroinformativo.com.mx\/index.php?rest_route=\/wp\/v2\/media\/13294"}],"wp:attachment":[{"href":"https:\/\/encuentroinformativo.com.mx\/index.php?rest_route=%2Fwp%2Fv2%2Fmedia&parent=13293"}],"wp:term":[{"taxonomy":"category","embeddable":true,"href":"https:\/\/encuentroinformativo.com.mx\/index.php?rest_route=%2Fwp%2Fv2%2Fcategories&post=13293"},{"taxonomy":"post_tag","embeddable":true,"href":"https:\/\/encuentroinformativo.com.mx\/index.php?rest_route=%2Fwp%2Fv2%2Ftags&post=13293"}],"curies":[{"name":"wp","href":"https:\/\/api.w.org\/{rel}","templated":true}]}}