{"id":13299,"date":"2021-04-24T13:41:14","date_gmt":"2021-04-24T18:41:14","guid":{"rendered":"https:\/\/encuentroinformativo.com.mx\/?p=13299"},"modified":"2021-04-24T13:41:19","modified_gmt":"2021-04-24T18:41:19","slug":"por-exceso-de-maestros-no-alcanzaron-las-vacunas-zenyazen","status":"publish","type":"post","link":"https:\/\/encuentroinformativo.com.mx\/?p=13299","title":{"rendered":"Por exceso de maestros no alcanzaron las vacunas: Zenyazen"},"content":{"rendered":"\n<p><strong>*El secretario de Educaci\u00f3n reconoci\u00f3 que no cuentan con un padr\u00f3n de docentes que labora en escuelas particulares.<\/strong><\/p>\n\n\n\n<p><strong>Dar\u00edo Pale <\/strong><\/p>\n\n\n\n<p>Xalapa, Ver.- El Secretario de Educaci\u00f3n Roberto Zenyazen Escobar Garc\u00eda, dio a conocer que existi\u00f3 una complejidad administrativa ya que muchos maestros que acudieron a vacunarse no est\u00e1n dentro del padr\u00f3n debido a que muchos son de escuelas particulares, pagados por la comunidad o por los alcaldes.<\/p>\n\n\n\n<p>Entrevistado en el Nido del Halc\u00f3n agradeci\u00f3 a los maestros su comprensi\u00f3n ya que el d\u00eda de ayer se present\u00f3 un &#8220;detalle&#8221; por el tema de la vacuna ya que estuvieron aplicando la vacuna Pfizer la cual necesita m\u00e1s cuidado y lleva un protocolo distinto a la CanSino ya que las temperaturas son muy distintas.<\/p>\n\n\n\n<p>Dio a conocer que este s\u00e1bado est\u00e1 fluido el tr\u00e1fico &#8220;y hacemos un llamado a la comunidad docente a todos los que no se han vacunados para que lo hagan en las diferentes sedes&#8221;.<\/p>\n\n\n\n<p>Aclar\u00f3 que el d\u00eda de ayer se trasladaron las vacunas CanSino de Tuxpan a la capital del estado, &#8220;ha habido una alta demanda en el tema de vacunaci\u00f3n y sobre todo f\u00edjense que hay muchos por ejemplo si hubiera una sola base de datos en la cual dij\u00e9ramos son los maestros que tienen plaza, pero nosotros no podemos hacer eso porque excluir\u00edamos a miles y miles de compa\u00f1eros de escuelas particulares&#8221;.<\/p>\n\n\n\n<p>Tambi\u00e9n hay maestros que paga la comunidad o los alcaldes los cuales no est\u00e1n en ning\u00fan padr\u00f3n por lo que la complejidad administrativa fue lo que result\u00f3 en esta situaci\u00f3n pero afortunadamente ya fue resuelto y se vacunaron a todos los docentes el d\u00eda de ayer de igual forma resultara el d\u00eda de hoy y estar\u00e1n muy pendientes de cualquier situaci\u00f3n.<\/p>\n\n\n\n<p><strong>Regreso a Clases<\/strong><\/p>\n\n\n\n<p>En otro orden de ideas en cuanto al regreso a clases\u00a0inform\u00f3 que est\u00e1n pendientes de los lineamientos del Consejo Estatal de Salud para que determine el regreso a clases, por lo que\u00a0se mantiene la limpieza de las aulas y la dotaci\u00f3n de kits en las 24 mil escuelas,\u00a0&#8220;estoy satisfecho y hay un estr\u00e9s muy grande, por eso agradezco mucho a la Marina y la Armada de M\u00e9xico&#8221;.<\/p>\n\n\n\n<p>El funcionario estatal agradeci\u00f3 a los maestros el apoyo y la comprensi\u00f3n para la aplicaci\u00f3n de la vacuna contra el coronavirus, al igual que a todas las dependencias que apoyaron para que se realizar\u00e1 esta campa\u00f1a.<\/p>\n","protected":false},"excerpt":{"rendered":"<p>*El secretario de Educaci\u00f3n reconoci\u00f3 que no cuentan con un padr\u00f3n de docentes que labora en escuelas particulares. Dar\u00edo Pale Xalapa, Ver.- El Secretario de Educaci\u00f3n Roberto Zenyazen Escobar Garc\u00eda, dio a conocer que existi\u00f3 una complejidad administrativa ya que muchos maestros que acudieron a vacunarse no est\u00e1n dentro del padr\u00f3n debido a que muchos [&hellip;]<\/p>\n","protected":false},"author":1,"featured_media":13300,"comment_status":"open","ping_status":"open","sticky":false,"template":"","format":"standard","meta":{"_jetpack_memberships_contains_paid_content":false,"footnotes":""},"categories":[2],"tags":[],"class_list":["post-13299","post","type-post","status-publish","format-standard","has-post-thumbnail","hentry","category-estado"],"jetpack_featured_media_url":"https:\/\/encuentroinformativo.com.mx\/wp-content\/uploads\/2021\/04\/914E5E39-12BC-4218-92E6-965D38DD83B9.jpeg","jetpack_sharing_enabled":true,"jetpack_likes_enabled":true,"amp_enabled":true,"_links":{"self":[{"href":"https:\/\/encuentroinformativo.com.mx\/index.php?rest_route=\/wp\/v2\/posts\/13299","targetHints":{"allow":["GET"]}}],"collection":[{"href":"https:\/\/encuentroinformativo.com.mx\/index.php?rest_route=\/wp\/v2\/posts"}],"about":[{"href":"https:\/\/encuentroinformativo.com.mx\/index.php?rest_route=\/wp\/v2\/types\/post"}],"author":[{"embeddable":true,"href":"https:\/\/encuentroinformativo.com.mx\/index.php?rest_route=\/wp\/v2\/users\/1"}],"replies":[{"embeddable":true,"href":"https:\/\/encuentroinformativo.com.mx\/index.php?rest_route=%2Fwp%2Fv2%2Fcomments&post=13299"}],"version-history":[{"count":1,"href":"https:\/\/encuentroinformativo.com.mx\/index.php?rest_route=\/wp\/v2\/posts\/13299\/revisions"}],"predecessor-version":[{"id":13301,"href":"https:\/\/encuentroinformativo.com.mx\/index.php?rest_route=\/wp\/v2\/posts\/13299\/revisions\/13301"}],"wp:featuredmedia":[{"embeddable":true,"href":"https:\/\/encuentroinformativo.com.mx\/index.php?rest_route=\/wp\/v2\/media\/13300"}],"wp:attachment":[{"href":"https:\/\/encuentroinformativo.com.mx\/index.php?rest_route=%2Fwp%2Fv2%2Fmedia&parent=13299"}],"wp:term":[{"taxonomy":"category","embeddable":true,"href":"https:\/\/encuentroinformativo.com.mx\/index.php?rest_route=%2Fwp%2Fv2%2Fcategories&post=13299"},{"taxonomy":"post_tag","embeddable":true,"href":"https:\/\/encuentroinformativo.com.mx\/index.php?rest_route=%2Fwp%2Fv2%2Ftags&post=13299"}],"curies":[{"name":"wp","href":"https:\/\/api.w.org\/{rel}","templated":true}]}}