{"id":13305,"date":"2021-04-24T16:31:34","date_gmt":"2021-04-24T21:31:34","guid":{"rendered":"https:\/\/encuentroinformativo.com.mx\/?p=13305"},"modified":"2021-04-24T16:31:38","modified_gmt":"2021-04-24T21:31:38","slug":"critican-a-hector-yunes-por-celebrar-creacion-de-todos-por-veracruz","status":"publish","type":"post","link":"https:\/\/encuentroinformativo.com.mx\/?p=13305","title":{"rendered":"Critican a H\u00e9ctor Yunes por celebrar creaci\u00f3n de &#8220;Todos por Veracruz&#8221;"},"content":{"rendered":"\n<p><strong>*La Secretaria del \u201cnuevo partido\u201d es comadre y amiga del diputado federal con licencia.<\/strong><\/p>\n\n\n\n<p><strong>Alejandro \u00c1vila<\/strong><\/p>\n\n\n\n<p>Veracruz, Ver.- Duras criticas en redes sociales se han dado en contra del diputado federal y coordinador de la bancada priista, H\u00e9ctor Yunes Landa, de quien se difundio un audio celebrando la creaci\u00f3n de &#8220;Todos por Veracruz&#8221;, el novel partido pol\u00edtico en la entidad veracruzana.<\/p>\n\n\n\n<p>Los usuarios de Twitter arremetieron contra el candidato del PRI a la gubernatura de Veracruz, a quien se le escucha decir, &#8220;fue un acierto formar Todos por Veracruz\u201d.<\/p>\n\n\n\n<p>Entre las quejas, de quien se vislumbra en la posici\u00f3n 1 de la lista plurinominal al Congreso Local, se le tacha de traidor y que no es la primera ocasi\u00f3n que busca seguir viviendo de la pol\u00edtica en diferentes frentes.<\/p>\n\n\n\n<p>\u201cYo cada vez estoy m\u00e1s seguro, m\u00e1s convencido que fue un acierto formar Todos por Veracruz\u201d, resalta el legislador veracruzano.<\/p>\n\n\n\n<p>Adem\u00e1s, enfatiza que de esta manera, \u00e9l y sus allegados seguir\u00e1n estando vigente, mediante este nuevo instituto pol\u00edtico, de cara a las elecciones del 2024, donde se eligir\u00e1 al nuevo gobernador de Veracruz.<\/p>\n\n\n\n<p>\u201cPorque es una manera de contenci\u00f3n y es una manera de mantenernos vigentes y en el m\u00e1s alto nivel competitivo para el 24\u201d, se escucha de su voz en el audio difundido.<\/p>\n\n\n\n<p>Incluso, menciona que a trav\u00e9s de &#8220;Todos por Veracruz&#8221;, ya no est\u00e1 totalmente supeditado a las decisiones que se tomen en el tricolor; tal como lo hiciera a\u00f1os antes en Nueva Alianza, donde coloc\u00f3 a gente de su estructura, incluso en el Verde Ecologista.<\/p>\n\n\n\n<p>\u201cSi no, ahorita estar\u00edamos diciendo &#8216;bueno, estamos supeditados a ver qu\u00e9 hac\u00edan los de enfrente, o los de junto&#8217;, porque ahorita son los de junto para muchos de nosotros\u201d.<\/p>\n\n\n\n<p>Caso curioso, el presidente de &#8220;Todos por Veracruz&#8221;, es Jes\u00fas V\u00e1zquez Gonz\u00e1lez, ligado durante muchos a\u00f1os al PRI y cercano a H\u00e9ctor Yunes, pues fue su gestor en el sur durante se campa\u00f1a para gobernador, la cual termin\u00f3 perdiendo.<\/p>\n","protected":false},"excerpt":{"rendered":"<p>*La Secretaria del \u201cnuevo partido\u201d es comadre y amiga del diputado federal con licencia. Alejandro \u00c1vila Veracruz, Ver.- Duras criticas en redes sociales se han dado en contra del diputado federal y coordinador de la bancada priista, H\u00e9ctor Yunes Landa, de quien se difundio un audio celebrando la creaci\u00f3n de &#8220;Todos por Veracruz&#8221;, el novel [&hellip;]<\/p>\n","protected":false},"author":1,"featured_media":13306,"comment_status":"open","ping_status":"open","sticky":false,"template":"","format":"standard","meta":{"_jetpack_memberships_contains_paid_content":false,"footnotes":""},"categories":[2],"tags":[],"class_list":["post-13305","post","type-post","status-publish","format-standard","has-post-thumbnail","hentry","category-estado"],"jetpack_featured_media_url":"https:\/\/encuentroinformativo.com.mx\/wp-content\/uploads\/2021\/04\/635C789A-BF43-4D4E-BCDC-715093FDD6BA.jpeg","jetpack_sharing_enabled":true,"jetpack_likes_enabled":true,"amp_enabled":true,"_links":{"self":[{"href":"https:\/\/encuentroinformativo.com.mx\/index.php?rest_route=\/wp\/v2\/posts\/13305","targetHints":{"allow":["GET"]}}],"collection":[{"href":"https:\/\/encuentroinformativo.com.mx\/index.php?rest_route=\/wp\/v2\/posts"}],"about":[{"href":"https:\/\/encuentroinformativo.com.mx\/index.php?rest_route=\/wp\/v2\/types\/post"}],"author":[{"embeddable":true,"href":"https:\/\/encuentroinformativo.com.mx\/index.php?rest_route=\/wp\/v2\/users\/1"}],"replies":[{"embeddable":true,"href":"https:\/\/encuentroinformativo.com.mx\/index.php?rest_route=%2Fwp%2Fv2%2Fcomments&post=13305"}],"version-history":[{"count":1,"href":"https:\/\/encuentroinformativo.com.mx\/index.php?rest_route=\/wp\/v2\/posts\/13305\/revisions"}],"predecessor-version":[{"id":13307,"href":"https:\/\/encuentroinformativo.com.mx\/index.php?rest_route=\/wp\/v2\/posts\/13305\/revisions\/13307"}],"wp:featuredmedia":[{"embeddable":true,"href":"https:\/\/encuentroinformativo.com.mx\/index.php?rest_route=\/wp\/v2\/media\/13306"}],"wp:attachment":[{"href":"https:\/\/encuentroinformativo.com.mx\/index.php?rest_route=%2Fwp%2Fv2%2Fmedia&parent=13305"}],"wp:term":[{"taxonomy":"category","embeddable":true,"href":"https:\/\/encuentroinformativo.com.mx\/index.php?rest_route=%2Fwp%2Fv2%2Fcategories&post=13305"},{"taxonomy":"post_tag","embeddable":true,"href":"https:\/\/encuentroinformativo.com.mx\/index.php?rest_route=%2Fwp%2Fv2%2Ftags&post=13305"}],"curies":[{"name":"wp","href":"https:\/\/api.w.org\/{rel}","templated":true}]}}