{"id":13314,"date":"2021-04-25T14:28:52","date_gmt":"2021-04-25T19:28:52","guid":{"rendered":"https:\/\/encuentroinformativo.com.mx\/?p=13314"},"modified":"2021-04-25T14:29:00","modified_gmt":"2021-04-25T19:29:00","slug":"en-coatepec-personal-medico-trabaja-bajo-protesta","status":"publish","type":"post","link":"https:\/\/encuentroinformativo.com.mx\/?p=13314","title":{"rendered":"En Coatepec, personal m\u00e9dico trabaja bajo protesta"},"content":{"rendered":"\n<p><strong>Juan Arcos <\/strong><\/p>\n\n\n\n<p>Coatepec, Ver.- Personal de salud del Hospital de la Comunidad de Coatepec trabaja bajo protesta a partir de este domingo 25 de abril, para exigir que todas las trabajadoras y trabajadores sean vacunados contra el SARS-COV-2 (COVID-19).<\/p>\n\n\n\n<p>En el nosocomio trabajan 212 personas y, hasta el momento, 60 no han sido inmunizadas, entre enfermeras, m\u00e9dicos, personal administrativo y de servicios generales.<\/p>\n\n\n\n<p>Los quejosos colocaron una lona sobre la fachada del hospital para solicitar a las autoridades su intervenci\u00f3n y todo el personal est\u00e9 protegido contra el coronavirus.<\/p>\n\n\n\n<p>\u201cExigimos a las autoridades directivas por su omisi\u00f3n. Doctor Gerardo Augusto Fern\u00e1ndez Mayo Peternell, al secretario de salud Roberto Ramos Alor y a usted se\u00f1or gobernador Cuitl\u00e1huac Garc\u00eda Jim\u00e9nez, se d\u00e9 prioridad inmediata al personal de salud faltante de inmunizar contra COVID-19. No favorecer s\u00f3lo a un grupo reducido por preferencias o dedo asignaciones. Trabajamos bajo protesta, #TodosSomosSESVER, #TodosSomosPrimeraL\u00edneaDeAtenci\u00f3n, #NiUnTrabajadorDeSaludSinVacunar\u201d, se lee.<br>Mencionaron que han recibido a pacientes con coronavirus y nunca se les ha negado la atenci\u00f3n m\u00e9dica correspondiente, pese a que dicho lugar no es un hospital COVID.<\/p>\n\n\n\n<p>\u201cHemos recibido pacientes sospechosos de COVID, algunos confirmados de COVID y nunca, nunca, se les ha negado la atenci\u00f3n. Ya inici\u00f3 una campa\u00f1a de vacunaci\u00f3n del magisterio, est\u00e1 muy bien por ellos, por los docentes, tampoco buscamos el desprestigio a lo que se est\u00e1 haciendo, que bueno por ellos, pero tambi\u00e9n el personal de salud, que es primera l\u00ednea, requiere la inmunizaci\u00f3n\u201d, expresaron, sin proporcionar sus nombres.<\/p>\n\n\n\n<p>La mayor\u00eda de los m\u00e9dicos por vacunar, laboran en el \u00c1rea de Admisi\u00f3n Ginecol\u00f3gica y Quir\u00f3fanos, donde han ingresando pacientes sospechosos de COVID-19.<\/p>\n\n\n\n<p>\u201cConsidero que unos 60 o 70 compa\u00f1eros ya cuentan con su esquema completo, luego hay un grupo de 50 compa\u00f1eros que ya fueron inmunizados pero solamente con la primera dosis\u201d.<\/p>\n\n\n\n<p>Algunos trabajadores del Hospital de Coatepec se sumaron a la marcha que realizaron m\u00e9dicos desde las oficinas de la Secretar\u00eda de Salud de Veracruz al centro de Xalapa.<\/p>\n","protected":false},"excerpt":{"rendered":"<p>Juan Arcos Coatepec, Ver.- Personal de salud del Hospital de la Comunidad de Coatepec trabaja bajo protesta a partir de este domingo 25 de abril, para exigir que todas las trabajadoras y trabajadores sean vacunados contra el SARS-COV-2 (COVID-19). En el nosocomio trabajan 212 personas y, hasta el momento, 60 no han sido inmunizadas, entre [&hellip;]<\/p>\n","protected":false},"author":1,"featured_media":13315,"comment_status":"open","ping_status":"open","sticky":false,"template":"","format":"standard","meta":{"_jetpack_memberships_contains_paid_content":false,"footnotes":""},"categories":[8],"tags":[],"class_list":["post-13314","post","type-post","status-publish","format-standard","has-post-thumbnail","hentry","category-region"],"jetpack_featured_media_url":"https:\/\/encuentroinformativo.com.mx\/wp-content\/uploads\/2021\/04\/21957C1B-AFBD-44A0-960B-56F7AE04C56B.jpeg","jetpack_sharing_enabled":true,"jetpack_likes_enabled":true,"amp_enabled":true,"_links":{"self":[{"href":"https:\/\/encuentroinformativo.com.mx\/index.php?rest_route=\/wp\/v2\/posts\/13314","targetHints":{"allow":["GET"]}}],"collection":[{"href":"https:\/\/encuentroinformativo.com.mx\/index.php?rest_route=\/wp\/v2\/posts"}],"about":[{"href":"https:\/\/encuentroinformativo.com.mx\/index.php?rest_route=\/wp\/v2\/types\/post"}],"author":[{"embeddable":true,"href":"https:\/\/encuentroinformativo.com.mx\/index.php?rest_route=\/wp\/v2\/users\/1"}],"replies":[{"embeddable":true,"href":"https:\/\/encuentroinformativo.com.mx\/index.php?rest_route=%2Fwp%2Fv2%2Fcomments&post=13314"}],"version-history":[{"count":1,"href":"https:\/\/encuentroinformativo.com.mx\/index.php?rest_route=\/wp\/v2\/posts\/13314\/revisions"}],"predecessor-version":[{"id":13316,"href":"https:\/\/encuentroinformativo.com.mx\/index.php?rest_route=\/wp\/v2\/posts\/13314\/revisions\/13316"}],"wp:featuredmedia":[{"embeddable":true,"href":"https:\/\/encuentroinformativo.com.mx\/index.php?rest_route=\/wp\/v2\/media\/13315"}],"wp:attachment":[{"href":"https:\/\/encuentroinformativo.com.mx\/index.php?rest_route=%2Fwp%2Fv2%2Fmedia&parent=13314"}],"wp:term":[{"taxonomy":"category","embeddable":true,"href":"https:\/\/encuentroinformativo.com.mx\/index.php?rest_route=%2Fwp%2Fv2%2Fcategories&post=13314"},{"taxonomy":"post_tag","embeddable":true,"href":"https:\/\/encuentroinformativo.com.mx\/index.php?rest_route=%2Fwp%2Fv2%2Ftags&post=13314"}],"curies":[{"name":"wp","href":"https:\/\/api.w.org\/{rel}","templated":true}]}}