{"id":13317,"date":"2021-04-25T15:59:51","date_gmt":"2021-04-25T20:59:51","guid":{"rendered":"https:\/\/encuentroinformativo.com.mx\/?p=13317"},"modified":"2021-04-25T15:59:55","modified_gmt":"2021-04-25T20:59:55","slug":"demandan-grupos-ambientalistas-detener-mineria-toxica","status":"publish","type":"post","link":"https:\/\/encuentroinformativo.com.mx\/?p=13317","title":{"rendered":"Demandan grupos ambientalistas detener miner\u00eda t\u00f3xica"},"content":{"rendered":"\n<p><strong>Juan Arcos<\/strong><\/p>\n\n\n\n<p>Xalapa, Ver.- Grupos ambientalistas realizaron una fiesta popular en el municipio de Naolinco, ubicado a 31 kil\u00f3metros de Xalapa, para exigir que se detenga la miner\u00eda a cielo abierto en el estado de Veracruz.<\/p>\n\n\n\n<p>\u201cAlto a la miner\u00eda t\u00f3xica en Veracruz\u201d, se lee en una lona de m\u00e1s de 50 metros de largo, misma que fue colocada afuera de la iglesia de San Mateo por integrantes de La Asamblea Veracruzana de Iniciativas y Defensa Ambiental (Lavida).<\/p>\n\n\n\n<p>El mensaje \u201cAndr\u00e9s Manuel L\u00f3pez Obrador y Cuitl\u00e1huac Garc\u00eda Jim\u00e9nez: No a las minas #vidaomina, pueblos de Veracruz\u201d tambi\u00e9n fue colgado sobre la c\u00fapula de la parroquia.<\/p>\n\n\n\n<p>De acuerdo con Emilio Rodr\u00edguez Almaz\u00e1n, integrante de Lavida, el movimiento social no representa a ning\u00fan partido pol\u00edtico, ni religi\u00f3n; sin embargo, festej\u00f3 que la Iglesia Cat\u00f3lica se haya sumado a la defensa del entorno ecol\u00f3gico.<\/p>\n\n\n\n<p>\u201cCon todo respeto y con todo cari\u00f1o es importante que nos informemos de lo que est\u00e1 ocurriendo, qu\u00e9 sepan que este movimiento no representa a ning\u00fan partido pol\u00edtico, que no representa a ninguna iglesia en particular, la defensa del ambiente es un tema que nos une a todas las personas\u201d.<\/p>\n\n\n\n<p>Decenas de personas se concentraron en el atrio del recinto religioso, donde lanzaron consignas para reclamar a las autoridades de los tres niveles de gobierno que sean detenidos los proyectos mineros que ocasionan deforestaci\u00f3n y la contaminaci\u00f3n del agua.<\/p>\n\n\n\n<p>Los activistas tambi\u00e9n entonaron la canci\u00f3n \u201cCuidemos el r\u00edo\u201d para concientizar a la poblaci\u00f3n sobre la importancia de llegar a cabo acciones para frenar las descargas de residuos a los afluentes.<\/p>\n\n\n\n<p>\u201cCuidemos el r\u00edo, es fundamental, el de los r\u00edos y tambi\u00e9n el del mar. Cuidemos el agua, es fundamental, el agua de los r\u00edos y tambi\u00e9n la del mar, cuidemos el r\u00edo, es fundamental\u201d, es parte del coro de Rafael Contreras Fern\u00e1ndez, quien acompa\u00f1a estas l\u00edneas con una guitarra.<\/p>\n\n\n\n<p>La canci\u00f3n se escuch\u00f3 en el centro de este municipio, una zona ganadera dedicada tambi\u00e9n a la venta del calzado de piel.<\/p>\n\n\n\n<p>El se\u00f1or es originario de la comunidad El J\u00edcaro, municipio de Actopan, una zona donde se encuentra el proyecto minero La Paila, donde pretenden extraer plata y oro. \u00c9l ha participado en varias protestas por la defensa del medio ambiente, tanto en Actopan como en Xalapa, la capital del estado.<\/p>\n\n\n\n<p>Los ambientalistas refrendaron su compromiso para la conservaci\u00f3n del r\u00edo de Naolinco y la cuenca del r\u00edo Actopan. Tambi\u00e9n anunciaron la ampliaci\u00f3n del movimiento en defensa del territorio veracruzano, ante los proyectos que est\u00e1n vigentes tambi\u00e9n en Alto Lucero y otros municipios.<\/p>\n\n\n\n<p>El evento inici\u00f3 a las 17:00 horas del s\u00e1bado y concluy\u00f3 120 minutos despu\u00e9s, donde invitaron a toda la poblaci\u00f3n para que se sume a la lucha y solicitaron al gobierno que Veracruz sea declarado un estado libre de \u201cminer\u00eda t\u00f3xica\u201d.<\/p>\n","protected":false},"excerpt":{"rendered":"<p>Juan Arcos Xalapa, Ver.- Grupos ambientalistas realizaron una fiesta popular en el municipio de Naolinco, ubicado a 31 kil\u00f3metros de Xalapa, para exigir que se detenga la miner\u00eda a cielo abierto en el estado de Veracruz. \u201cAlto a la miner\u00eda t\u00f3xica en Veracruz\u201d, se lee en una lona de m\u00e1s de 50 metros de largo, [&hellip;]<\/p>\n","protected":false},"author":1,"featured_media":13318,"comment_status":"open","ping_status":"open","sticky":false,"template":"","format":"standard","meta":{"_jetpack_memberships_contains_paid_content":false,"footnotes":""},"categories":[8],"tags":[],"class_list":["post-13317","post","type-post","status-publish","format-standard","has-post-thumbnail","hentry","category-region"],"jetpack_featured_media_url":"https:\/\/encuentroinformativo.com.mx\/wp-content\/uploads\/2021\/04\/DB5A692F-2FC0-4E3D-8A14-E440AD373D85.jpeg","jetpack_sharing_enabled":true,"jetpack_likes_enabled":true,"amp_enabled":true,"_links":{"self":[{"href":"https:\/\/encuentroinformativo.com.mx\/index.php?rest_route=\/wp\/v2\/posts\/13317","targetHints":{"allow":["GET"]}}],"collection":[{"href":"https:\/\/encuentroinformativo.com.mx\/index.php?rest_route=\/wp\/v2\/posts"}],"about":[{"href":"https:\/\/encuentroinformativo.com.mx\/index.php?rest_route=\/wp\/v2\/types\/post"}],"author":[{"embeddable":true,"href":"https:\/\/encuentroinformativo.com.mx\/index.php?rest_route=\/wp\/v2\/users\/1"}],"replies":[{"embeddable":true,"href":"https:\/\/encuentroinformativo.com.mx\/index.php?rest_route=%2Fwp%2Fv2%2Fcomments&post=13317"}],"version-history":[{"count":1,"href":"https:\/\/encuentroinformativo.com.mx\/index.php?rest_route=\/wp\/v2\/posts\/13317\/revisions"}],"predecessor-version":[{"id":13319,"href":"https:\/\/encuentroinformativo.com.mx\/index.php?rest_route=\/wp\/v2\/posts\/13317\/revisions\/13319"}],"wp:featuredmedia":[{"embeddable":true,"href":"https:\/\/encuentroinformativo.com.mx\/index.php?rest_route=\/wp\/v2\/media\/13318"}],"wp:attachment":[{"href":"https:\/\/encuentroinformativo.com.mx\/index.php?rest_route=%2Fwp%2Fv2%2Fmedia&parent=13317"}],"wp:term":[{"taxonomy":"category","embeddable":true,"href":"https:\/\/encuentroinformativo.com.mx\/index.php?rest_route=%2Fwp%2Fv2%2Fcategories&post=13317"},{"taxonomy":"post_tag","embeddable":true,"href":"https:\/\/encuentroinformativo.com.mx\/index.php?rest_route=%2Fwp%2Fv2%2Ftags&post=13317"}],"curies":[{"name":"wp","href":"https:\/\/api.w.org\/{rel}","templated":true}]}}