{"id":13320,"date":"2021-04-25T16:32:49","date_gmt":"2021-04-25T21:32:49","guid":{"rendered":"https:\/\/encuentroinformativo.com.mx\/?p=13320"},"modified":"2021-04-25T16:32:53","modified_gmt":"2021-04-25T21:32:53","slug":"concluyo-primera-etapa-de-vacunacion-para-adultos-mayores","status":"publish","type":"post","link":"https:\/\/encuentroinformativo.com.mx\/?p=13320","title":{"rendered":"Concluy\u00f3 primera etapa de vacunaci\u00f3n para adultos mayores"},"content":{"rendered":"\n<p><strong>Juan Arcos<\/strong><\/p>\n\n\n\n<p>Xalapa, Ver.- El s\u00e1bado 24 de abril concluy\u00f3 la aplicaci\u00f3n de la primera dosis de la vacuna Pfizer contra el SARS-COV-2 (COVID-19) a adultos mayores de 60 a\u00f1os en los 212 municipios del estado de Veracruz.<\/p>\n\n\n\n<p>De acuerdo con el delegado de Programas para el Desarrollo en Veracruz, Manuel Huerta Ladr\u00f3n de Guevara, esto ocurri\u00f3 una semana antes de la fecha fijada por el gobierno federal para cumplir con la meta a finales de abril.<\/p>\n\n\n\n<p>El funcionario federal indic\u00f3 que tambi\u00e9n se cumpli\u00f3 con la inmunizaci\u00f3n al personal educativo para el pr\u00f3ximo regreso a clases presenciales en la entidad.<\/p>\n\n\n\n<p>\u201cSe cumpli\u00f3 la sentencia que dijimos: de que los \u00faltimos ser\u00edan los primeros; y precisamente, los \u00faltimos municipios recibieron la vacuna unidosis Cansino, lo cual permitir\u00e1 concentrarnos en continuar con la planeaci\u00f3n en suministrar las segundas dosis en los municipios que restan\u201d, expres\u00f3.<\/p>\n\n\n\n<p>Adelant\u00f3 que este lunes 26 de abril iniciar\u00e1 la aplicaci\u00f3n de la segunda dosis a los adultos mayores en los municipios de Sochiapa y Cosamaloapan, entre otros.<\/p>\n\n\n\n<p>Adem\u00e1s, mencion\u00f3 que la pr\u00f3xima semana se informar\u00e1 sobre el arranque de la aplicaci\u00f3n de la segunda dosis en municipios como Coatzacoalcos, Xico, Las Vigas y Chalma, dependiendo de la vacuna que est\u00e9 disponible: Pfizer, Astra-Zeneca o Sinovac.<\/p>\n\n\n\n<p>Huerta Ladr\u00f3n de Guevara refiri\u00f3 que los tres niveles de gobierno contin\u00faan en el esfuerzo de inmunizar a los adultos mayores y maestros contra el COVID-19.<\/p>\n\n\n\n<p>Ser\u00e1 a partir de mayo cuando inicie la vacunaci\u00f3n al siguiente sector de 50 a 59 a\u00f1os, donde todos los adultos mayores de 60 que por cualquier raz\u00f3n no se vacunaron, tendr\u00e1n otra oportunidad de hacerlo.<\/p>\n\n\n\n<p>El Delegado inform\u00f3 que concluy\u00f3 la vacunaci\u00f3n de los maestros, abriendo as\u00ed la posibilidad del regreso a clases presenciales de manera voluntaria, con las medidas de higiene y cumpli\u00e9ndose las condiciones establecidas por las instituciones del Sector Salud.<\/p>\n\n\n\n<p>\u201cNos hemos mantenido en verde y estamos en condiciones de comenzar clases presenciales, todo depende de las condiciones que establezcan las autoridades de Educaci\u00f3n, pero tambi\u00e9n de que las familias otorguen consentimiento, porque al final ellas van a decidir si sus hijos vienen a clases presenciales o contin\u00faan a distancia. Aqu\u00ed el objetivo es que vayamos asumiendo la secuela de la emergencia ya con una nueva normalidad\u201d, remat\u00f3.<\/p>\n","protected":false},"excerpt":{"rendered":"<p>Juan Arcos Xalapa, Ver.- El s\u00e1bado 24 de abril concluy\u00f3 la aplicaci\u00f3n de la primera dosis de la vacuna Pfizer contra el SARS-COV-2 (COVID-19) a adultos mayores de 60 a\u00f1os en los 212 municipios del estado de Veracruz. De acuerdo con el delegado de Programas para el Desarrollo en Veracruz, Manuel Huerta Ladr\u00f3n de Guevara, [&hellip;]<\/p>\n","protected":false},"author":1,"featured_media":13321,"comment_status":"open","ping_status":"open","sticky":false,"template":"","format":"standard","meta":{"_jetpack_memberships_contains_paid_content":false,"footnotes":""},"categories":[9],"tags":[],"class_list":["post-13320","post","type-post","status-publish","format-standard","has-post-thumbnail","hentry","category-salud"],"jetpack_featured_media_url":"https:\/\/encuentroinformativo.com.mx\/wp-content\/uploads\/2021\/04\/BC7DC62A-EA17-4D83-BDCC-2A8FEBC0BE1C.jpeg","jetpack_sharing_enabled":true,"jetpack_likes_enabled":true,"amp_enabled":true,"_links":{"self":[{"href":"https:\/\/encuentroinformativo.com.mx\/index.php?rest_route=\/wp\/v2\/posts\/13320","targetHints":{"allow":["GET"]}}],"collection":[{"href":"https:\/\/encuentroinformativo.com.mx\/index.php?rest_route=\/wp\/v2\/posts"}],"about":[{"href":"https:\/\/encuentroinformativo.com.mx\/index.php?rest_route=\/wp\/v2\/types\/post"}],"author":[{"embeddable":true,"href":"https:\/\/encuentroinformativo.com.mx\/index.php?rest_route=\/wp\/v2\/users\/1"}],"replies":[{"embeddable":true,"href":"https:\/\/encuentroinformativo.com.mx\/index.php?rest_route=%2Fwp%2Fv2%2Fcomments&post=13320"}],"version-history":[{"count":1,"href":"https:\/\/encuentroinformativo.com.mx\/index.php?rest_route=\/wp\/v2\/posts\/13320\/revisions"}],"predecessor-version":[{"id":13322,"href":"https:\/\/encuentroinformativo.com.mx\/index.php?rest_route=\/wp\/v2\/posts\/13320\/revisions\/13322"}],"wp:featuredmedia":[{"embeddable":true,"href":"https:\/\/encuentroinformativo.com.mx\/index.php?rest_route=\/wp\/v2\/media\/13321"}],"wp:attachment":[{"href":"https:\/\/encuentroinformativo.com.mx\/index.php?rest_route=%2Fwp%2Fv2%2Fmedia&parent=13320"}],"wp:term":[{"taxonomy":"category","embeddable":true,"href":"https:\/\/encuentroinformativo.com.mx\/index.php?rest_route=%2Fwp%2Fv2%2Fcategories&post=13320"},{"taxonomy":"post_tag","embeddable":true,"href":"https:\/\/encuentroinformativo.com.mx\/index.php?rest_route=%2Fwp%2Fv2%2Ftags&post=13320"}],"curies":[{"name":"wp","href":"https:\/\/api.w.org\/{rel}","templated":true}]}}