{"id":13330,"date":"2021-04-26T09:27:12","date_gmt":"2021-04-26T14:27:12","guid":{"rendered":"https:\/\/encuentroinformativo.com.mx\/?p=13330"},"modified":"2021-04-26T09:27:16","modified_gmt":"2021-04-26T14:27:16","slug":"las-mujeres-de-redes","status":"publish","type":"post","link":"https:\/\/encuentroinformativo.com.mx\/?p=13330","title":{"rendered":"Las Mujeres de Redes"},"content":{"rendered":"\n<p><strong>N\u00fameros Rojos<\/strong><\/p>\n\n\n\n<p><strong>Brenda Caballero<\/strong><\/p>\n\n\n\n<p>Los jaloneos, la rebatinga, los pleitos, las divisiones en \u00e9poca electoral se dan en todos los partidos. Ahora mismo lo estamos viendo, en la designaci\u00f3n de candidatas y candidatos a las 212 Alcald\u00edas de Veracruz. Todos y todas quieren aparecer en la planilla de su partido; no importa si tienen trabajo por la ciudadan\u00eda o no; el chiste es que aparezca su nombre, para satisfacci\u00f3n del ego principalmente&#8230; hasta listas fake son filtradas. \u00a1Qu\u00e9 tal si es chicle y pega!<\/p>\n\n\n\n<p>Este proceso electoral nos ha tra\u00eddo de todo. Lo que m\u00e1s me sorprende es que teniendo paridad al 50 por ciento, algunas mujeres han salido a pedir que sus compa\u00f1eros de partido sean los candidatos. Claro que no tiene nada de malo, siempre y cuando no sean presionadas, empujadas a hacer esas declaraciones o que \u201csutilmente\u201d se lo pidan. Aunque ser\u00eda m\u00e1s equitativo ver que ellos, los aspirantes salieran y dijeran queremos a una mujer de candidata. \u00bfHa visto algo similar? \u00a1Por supuesto que no! Tristemente ni en algunas mujeres se ve la sororidad, act\u00faan con conductas patriarcales aprendidas, siendo la denostaci\u00f3n la principal, en ataque frontal contra las mismas mujeres que quieren ocupar los puestos.<\/p>\n\n\n\n<p>El pasado 15 de abril, Yolanda Mart\u00ednez M\u00e1rquez junto con un grupo de mujeres del partido Redes Sociales Progresistas, dio una rueda de prensa donde aseguraba que la informaci\u00f3n de que una mujer en Xalapa iba a encabezar la candidatura a la presidencia municipal de su partido, como estaba circulando en diversos portales, era mentira. La verdad, yo hubiese preferido el destape de alguna de las all\u00ed reunidas, y que todas las presentes la apoyaban (pues en la capital, al parecer, son hombres la mayor\u00eda de los aspirantes a la silla presidencial), pero no, Mart\u00ednez M\u00e1rquez afirm\u00f3 que su candidato a la alcald\u00eda era \u201cQuique\u201d Dom\u00ednguez, ex Alcalde de \u00darsulo Galv\u00e1n.<\/p>\n\n\n\n<p>El fin de semana circul\u00f3 en redes una carta del ex alcalde de \u00darsulo Galv\u00e1n donde agradec\u00eda al partido Redes Sociales Progresistas haber sido noticia para representar la candidatura a la Alcald\u00eda de Xalapa, pero palabras m\u00e1s, palabras menos, no aceptaba sumar esfuerzos con Elizabeth Morales Garc\u00eda y lo que ella representa.&nbsp;<\/p>\n\n\n\n<p>No s\u00e9 que represente o a qu\u00e9 se refiera Don Quique, pero la verdad que es muy grato saber que el partido Redes Sociales Progresistas llevar\u00e1 como candidata a una mujer a la Alcald\u00eda de Xalapa, trabajadora y luchadora de los derechos humanos. Ojal\u00e1 que Don Quique se hubiera sumado y apoyado a una de nuestras valiosas mujeres xalape\u00f1as: Itzel Jurado Ortiz.<\/p>\n\n\n\n<p>Itzel es licenciada en Derecho, doctora en Derecho por la UPAV, Doctora en Derecho P\u00fablico por la Universidad Veracruzana, adem\u00e1s de mediadora-conciliadora-facilitadora certificada por el Poder Judicial. Fue fundadora del primer Centro Privado de Justicia Alternativa en Veracruz acreditado por el Poder Judicial y tiene 7 a\u00f1os de experiencia profesional en derechos humanos y justicia alternativa. Pionera, promotora y agente activo de la justicia alternativa y de la cultura de la paz. Aparte de ser defensora de grupos vulnerables, activista, emprendedora social y defensora de los derechos humanos y del medio ambiente. Es Coautora en el Libro \u201cTransparencia, Buen Gobierno y Combate a la Corrupci\u00f3n\u201d. Entre otras actividades, fue creadora y difusora del Programa Estatal de Mediaci\u00f3n Escolar en la SEV.<\/p>\n\n\n\n<p>A Itzel la acompa\u00f1a como candidata suplente a la alcald\u00eda Rosa Hilda Rojas P\u00e9rez, licenciada en Derecho y maestra en Derecho Civil por la Universit\u00e1 Degli Studi DI Camerino Macerata Italia. Ella ha sido asesora y Jefa del Departamento Jur\u00eddico de Patrimonio del Estado de Veracruz, Agente Ministerial en la Procuradur\u00eda General de Justicia del Estado de Veracruz, Subprocuradora Especializada en Asuntos Ind\u00edgenas de la Procuradur\u00eda General de Justicia del Estado de Veracruz. Consejera Electoral Suplente en el Consejo Local en el Estado de Veracruz. Fue la primera jueza en el estado cuando se crearon las salas de juicio oral en materia de responsabilidad juvenil, as\u00ed como coordinadora del Seminario de Justicia y Derechos Humanos de la Facultad de Derecho de la Universidad Veracruzana, adem\u00e1s de maestra de tiempo completo de la Facultad de Derecho de la Universidad Veracruzana.<\/p>\n\n\n\n<p>Pero no van solas, otras mujeres valiosas las acompa\u00f1an como la triatleta Anah\u00ed Le\u00f3n Becerril, Campeona Nacional en 2010, 2011 y 2017. Seleccionada Nacional a los Juegos Ol\u00edmpicos 2012 y 2016, a los Juegos Panamericanos 2011. Triple Medallista Centroamericana 2014 y 5to. lugar en Copas del Mundo en Edmonton, Canad\u00e1 y Cartagena. Tambi\u00e9n Cielo Selene Juanz C\u00e1rdenas, licenciada en Sociolog\u00eda y con licenciatura en Derecho. Ha realizado trabajo de promoci\u00f3n sobre los derechos humanos. Ha sido responsable del Sistema Estatal de Informaci\u00f3n del Sistema de Protecci\u00f3n Integral de Ni\u00f1as, Ni\u00f1os y Adolescentes, as\u00ed como del Sistema de Portales de Obligaciones de Transparencia correspondiente a la Secretar\u00eda Ejecutiva de Protecci\u00f3n Integral de Ni\u00f1as, Ni\u00f1os y Adolescentes. (SE-SIPINNA), as\u00ed como coordinadora de las y los enlaces de g\u00e9nero de las \u00e1reas que integran la Secretar\u00eda de Gobierno, para implementaci\u00f3n de la nueva perspectiva de g\u00e9nero. Fue tambi\u00e9n responsable del tema del Protocolo ALBA Atenci\u00f3n, Reacci\u00f3n y Coordinaci\u00f3n entre Autoridades Federales, Estatales y Municipales en caso de Desaparici\u00f3n de Mujeres, Adolescentes y Ni\u00f1as para el Estado as\u00ed como corresponsable de dar seguimiento al programa de trabajo estatal, referente a la Alerta por Violencia de G\u00e9nero contra las Mujeres por Feminicidio.<\/p>\n\n\n\n<p>Les acompa\u00f1a tambi\u00e9n Michelle Serv\u00edn Gonz\u00e1lez, quien labor\u00f3 en la Secretar\u00eda de Gobierno del Estado de Veracruz, en la Secretar\u00eda de Trabajo y Previsi\u00f3n Social del Estado de Veracruz, en la Direcci\u00f3n General de Inspecci\u00f3n del Trabajo, en la Direcci\u00f3n General de Previsi\u00f3n Social y Empleo, fue asesora en la C\u00e1mara de Diputados del H. Congreso de la Uni\u00f3n, as\u00ed como s\u00edndica del Ayuntamiento de Xalapa y Directora del Sistema de Desarrollo Municipal de la Familia.&nbsp;<\/p>\n\n\n\n<p>Junto a todas ellas est\u00e1 la veterinaria y protectora de los animales Odra Maravilla Eugenia Le\u00f3n P\u00e9rez. Ellas son las mujeres del Partido Redes Sociales Progresistas, para los que piden rostros nuevos y mujeres valiosas.<\/p>\n\n\n\n<p>@NumerosRojos_BC<\/p>\n\n\n\n<p><a href=\"mailto:caballero_brenda@hotmail.com\" target=\"_blank\" rel=\"noreferrer noopener\">caballero_brenda@hotmail.com<\/a><\/p>\n","protected":false},"excerpt":{"rendered":"<p>N\u00fameros Rojos Brenda Caballero Los jaloneos, la rebatinga, los pleitos, las divisiones en \u00e9poca electoral se dan en todos los partidos. Ahora mismo lo estamos viendo, en la designaci\u00f3n de candidatas y candidatos a las 212 Alcald\u00edas de Veracruz. Todos y todas quieren aparecer en la planilla de su partido; no importa si tienen trabajo [&hellip;]<\/p>\n","protected":false},"author":1,"featured_media":70,"comment_status":"open","ping_status":"open","sticky":false,"template":"","format":"standard","meta":{"_jetpack_memberships_contains_paid_content":false,"footnotes":""},"categories":[11],"tags":[],"class_list":["post-13330","post","type-post","status-publish","format-standard","has-post-thumbnail","hentry","category-opinion"],"jetpack_featured_media_url":"https:\/\/encuentroinformativo.com.mx\/wp-content\/uploads\/2020\/02\/opinion-invitado.jpg","jetpack_sharing_enabled":true,"jetpack_likes_enabled":true,"amp_enabled":true,"_links":{"self":[{"href":"https:\/\/encuentroinformativo.com.mx\/index.php?rest_route=\/wp\/v2\/posts\/13330","targetHints":{"allow":["GET"]}}],"collection":[{"href":"https:\/\/encuentroinformativo.com.mx\/index.php?rest_route=\/wp\/v2\/posts"}],"about":[{"href":"https:\/\/encuentroinformativo.com.mx\/index.php?rest_route=\/wp\/v2\/types\/post"}],"author":[{"embeddable":true,"href":"https:\/\/encuentroinformativo.com.mx\/index.php?rest_route=\/wp\/v2\/users\/1"}],"replies":[{"embeddable":true,"href":"https:\/\/encuentroinformativo.com.mx\/index.php?rest_route=%2Fwp%2Fv2%2Fcomments&post=13330"}],"version-history":[{"count":1,"href":"https:\/\/encuentroinformativo.com.mx\/index.php?rest_route=\/wp\/v2\/posts\/13330\/revisions"}],"predecessor-version":[{"id":13331,"href":"https:\/\/encuentroinformativo.com.mx\/index.php?rest_route=\/wp\/v2\/posts\/13330\/revisions\/13331"}],"wp:featuredmedia":[{"embeddable":true,"href":"https:\/\/encuentroinformativo.com.mx\/index.php?rest_route=\/wp\/v2\/media\/70"}],"wp:attachment":[{"href":"https:\/\/encuentroinformativo.com.mx\/index.php?rest_route=%2Fwp%2Fv2%2Fmedia&parent=13330"}],"wp:term":[{"taxonomy":"category","embeddable":true,"href":"https:\/\/encuentroinformativo.com.mx\/index.php?rest_route=%2Fwp%2Fv2%2Fcategories&post=13330"},{"taxonomy":"post_tag","embeddable":true,"href":"https:\/\/encuentroinformativo.com.mx\/index.php?rest_route=%2Fwp%2Fv2%2Ftags&post=13330"}],"curies":[{"name":"wp","href":"https:\/\/api.w.org\/{rel}","templated":true}]}}