{"id":13336,"date":"2021-04-26T11:03:27","date_gmt":"2021-04-26T16:03:27","guid":{"rendered":"https:\/\/encuentroinformativo.com.mx\/?p=13336"},"modified":"2021-04-26T11:03:30","modified_gmt":"2021-04-26T16:03:30","slug":"acusa-yunes-marquez-presunto-espionaje-en-su-contra","status":"publish","type":"post","link":"https:\/\/encuentroinformativo.com.mx\/?p=13336","title":{"rendered":"Acusa Yunes M\u00e1rquez presunto espionaje en su contra"},"content":{"rendered":"\n<p><strong>Alejandro \u00c1vila<\/strong><\/p>\n\n\n\n<p>Veracruz, Ver.- Espionaje y hostigamiento en contra de \u00e9l y su familia, denunci\u00f3 el candidato a la alcald\u00eda de Veracruz por el PAN, Miguel \u00c1ngel Yunes M\u00e1rquez, en video difundido en redes sociales, se\u00f1al\u00f3 y mostr\u00f3 pruebas del ataque v\u00eda Fiscal\u00eda General del Estado.<\/p>\n\n\n\n<p>Se\u00f1al\u00f3 que a trav\u00e9s campa\u00f1as de desprestigio y mentiras intentan intimidarlos con el objetivo de que se vayan del Estado y \u00e9l deje la vida p\u00fablica.<\/p>\n\n\n\n<p>Subray\u00f3 que lo que est\u00e1 pasando actualmente va mas all\u00e1 de un ataque hacia su familia o hacia su persona; es un ataque directo a la democracia en Veracruz.<\/p>\n\n\n\n<p>Miguel \u00c1ngel Yunes M\u00e1rquez acus\u00f3 que es evidente como el Gobierno del Estado, ocupa la Fiscal\u00eda General del Estado para frenar a los candidatos de oposici\u00f3n que tiene mejores n\u00fameros y se vislumbran ganadores en el pr\u00f3ximo proceso electoral.<\/p>\n\n\n\n<p>Hoy, dijo, denuncia la acci\u00f3n mas peligrosa de todas las que han emprendido en su contra: La utilizaci\u00f3n de la Fiscal\u00eda General del Estado para tratar de echar abajo su candidatura y meterlo a la c\u00e1rcel.<\/p>\n\n\n\n<p>Se\u00f1ala que as\u00ed lo han hecho con Rogelio Franco, candidato del PRD a diputado federal y de Gregorio G\u00f3mez y Nicol\u00e1s Ruiz Roset, candidatos de la alianza PAN-PRI-PRD a presidentes municipales de Tihuatl\u00e1n y de Minatitl\u00e1n, quienes seguramente triunfar\u00edan por un amplio margen, hoy los tres est\u00e1n en la c\u00e1rcel sin haber sido juzgados o declarados culpables de ning\u00fan delito.<\/p>\n\n\n\n<p>Miguel \u00c1ngel Yunes M\u00e1rquez dice que eso mismo quieren hacer con \u00e9l, y tiene pruebas de que la Fiscal\u00eda del Estado solicit\u00f3 la intervenci\u00f3n de su tel\u00e9fono celular para escuchar lo que habla, leer lo que escribe, tener su ubicaci\u00f3n en todo momento.<\/p>\n\n\n\n<p>\u201cQuieren saber en d\u00f3nde duermo, en d\u00f3nde como, o con qui\u00e9n hablo\u201d.<\/p>\n\n\n\n<p>Advierte Miguel \u00c1ngel Yunes que el Gobierno del Estado quiere quitarle la candidatura a como d\u00e9 lugar, imput\u00e1ndole delitos inexistentes para tratar de meterlo a la c\u00e1rcel, si no lo logran por esta v\u00eda utilizar\u00e1n a jueces c\u00f3mplices, y por ordenes del Gobernador el Tribunal Electoral de Veracruz intentar\u00e1 anular su candidatura al inicio de la campa\u00f1a.<\/p>\n\n\n\n<p>\u201cSi dejamos que el Gobierno represor siga actuando as\u00ed estaremos permitiendo el inicio de una dictadura (\u2026) para que no nos quiten a los veracruzanos el derecho de opinar, de hablar, de protestar, de estar en contra o de exigirle resultados al Gobierno; una lucha para que no te nieguen el derecho de elegir, para que t\u00fa decidas qui\u00e9n te representa y qui\u00e9n te gobierna, para que t\u00fa decidas y que no sea el gobierno represor el que decida por ti\u201d.<\/p>\n\n\n\n<p>\u201cYo les digo que a m\u00ed no me van a callar, que no me van a doblar, que conmigo s\u00ed se toparon con pared, voy a defender la libertad de los veracruzanos y no voy a permitir que pasen por encima de nuestra democracia\u201d, remat\u00f3.<\/p>\n","protected":false},"excerpt":{"rendered":"<p>Alejandro \u00c1vila Veracruz, Ver.- Espionaje y hostigamiento en contra de \u00e9l y su familia, denunci\u00f3 el candidato a la alcald\u00eda de Veracruz por el PAN, Miguel \u00c1ngel Yunes M\u00e1rquez, en video difundido en redes sociales, se\u00f1al\u00f3 y mostr\u00f3 pruebas del ataque v\u00eda Fiscal\u00eda General del Estado. Se\u00f1al\u00f3 que a trav\u00e9s campa\u00f1as de desprestigio y mentiras [&hellip;]<\/p>\n","protected":false},"author":1,"featured_media":13337,"comment_status":"open","ping_status":"open","sticky":false,"template":"","format":"standard","meta":{"_jetpack_memberships_contains_paid_content":false,"footnotes":""},"categories":[2],"tags":[],"class_list":["post-13336","post","type-post","status-publish","format-standard","has-post-thumbnail","hentry","category-estado"],"jetpack_featured_media_url":"https:\/\/encuentroinformativo.com.mx\/wp-content\/uploads\/2021\/04\/ED9A93FA-CDC2-4924-9BAB-24B060F48C0A.jpeg","jetpack_sharing_enabled":true,"jetpack_likes_enabled":true,"amp_enabled":true,"_links":{"self":[{"href":"https:\/\/encuentroinformativo.com.mx\/index.php?rest_route=\/wp\/v2\/posts\/13336","targetHints":{"allow":["GET"]}}],"collection":[{"href":"https:\/\/encuentroinformativo.com.mx\/index.php?rest_route=\/wp\/v2\/posts"}],"about":[{"href":"https:\/\/encuentroinformativo.com.mx\/index.php?rest_route=\/wp\/v2\/types\/post"}],"author":[{"embeddable":true,"href":"https:\/\/encuentroinformativo.com.mx\/index.php?rest_route=\/wp\/v2\/users\/1"}],"replies":[{"embeddable":true,"href":"https:\/\/encuentroinformativo.com.mx\/index.php?rest_route=%2Fwp%2Fv2%2Fcomments&post=13336"}],"version-history":[{"count":1,"href":"https:\/\/encuentroinformativo.com.mx\/index.php?rest_route=\/wp\/v2\/posts\/13336\/revisions"}],"predecessor-version":[{"id":13338,"href":"https:\/\/encuentroinformativo.com.mx\/index.php?rest_route=\/wp\/v2\/posts\/13336\/revisions\/13338"}],"wp:featuredmedia":[{"embeddable":true,"href":"https:\/\/encuentroinformativo.com.mx\/index.php?rest_route=\/wp\/v2\/media\/13337"}],"wp:attachment":[{"href":"https:\/\/encuentroinformativo.com.mx\/index.php?rest_route=%2Fwp%2Fv2%2Fmedia&parent=13336"}],"wp:term":[{"taxonomy":"category","embeddable":true,"href":"https:\/\/encuentroinformativo.com.mx\/index.php?rest_route=%2Fwp%2Fv2%2Fcategories&post=13336"},{"taxonomy":"post_tag","embeddable":true,"href":"https:\/\/encuentroinformativo.com.mx\/index.php?rest_route=%2Fwp%2Fv2%2Ftags&post=13336"}],"curies":[{"name":"wp","href":"https:\/\/api.w.org\/{rel}","templated":true}]}}