{"id":13342,"date":"2021-04-26T11:24:29","date_gmt":"2021-04-26T16:24:29","guid":{"rendered":"https:\/\/encuentroinformativo.com.mx\/?p=13342"},"modified":"2021-04-26T11:24:32","modified_gmt":"2021-04-26T16:24:32","slug":"en-tihuatlan-veracruz-va-realizara-campana-sin-tener-candidato","status":"publish","type":"post","link":"https:\/\/encuentroinformativo.com.mx\/?p=13342","title":{"rendered":"En Tihuatl\u00e1n, Veracruz Va realizar\u00e1 campa\u00f1a sin tener candidato"},"content":{"rendered":"\n<p><strong>Alejandro \u00c1vila<\/strong><\/p>\n\n\n\n<p>Tihuatl\u00e1n, Ver.- La estructura de los partidos PRD, PAN y PRI, que conforman la alianza &#8220;Veracruz Va&#8221; en el municipio de Tihuatl\u00e1n, decidi\u00f3 que caminar\u00e1 las calles y buscar\u00e1 el voto, sin candidato presencial.<\/p>\n\n\n\n<p>Este martes se dar\u00eda una rueda de prensa en un conocido sitio del municipio, para refrendar apoyo a Goyo &#8220;N&#8221;, quien ya hab\u00eda sido ratificado como candidato y posteriormente fue detenido por presuntos delitos que la Fiscal\u00eda General del Estado mantiene bajo investigaci\u00f3n.<\/p>\n\n\n\n<p>Fuentes internas del Partido de la Revoluci\u00f3n Democr\u00e1tica (PRD) y en redes sociales, remarcaron que, as\u00ed como Rogelio Franco sigue siendo el candidato a la diputaci\u00f3n federal v\u00eda plurinominal, tambi\u00e9n lo es Goyo &#8220;N&#8221;, quienes de acuerdo a las autoridades electorales no quedaron imposibilitados para contender en las pr\u00f3ximas elecciones.<\/p>\n\n\n\n<p>\u201cA partir del 4 de mayo la campa\u00f1a se realizara con mayor entusiasmo donde se buscara el voto a favor de Goyo, del cual su equipo de trabajo y la planilla registrada para la alcald\u00eda&nbsp; de Tihuatl\u00e1n estar\u00e1n recorriendo calles, sectores y comunidades\u201d, se\u00f1ala su equipo de trabajo.<\/p>\n\n\n\n<p>Refieren que, de acuerdo a los tiempos que marca la ley electoral, el Comit\u00e9 Directivo Municipal del PRD y los partidos pol\u00edticos que conforman la alianza estar\u00edan dando un pronunciamiento formal donde se ratifique a su candidato, descartando as\u00ed la postulaci\u00f3n de algunos personajes que se rumoraron durante d\u00edas, como Leobardo G\u00f3mez.<\/p>\n","protected":false},"excerpt":{"rendered":"<p>Alejandro \u00c1vila Tihuatl\u00e1n, Ver.- La estructura de los partidos PRD, PAN y PRI, que conforman la alianza &#8220;Veracruz Va&#8221; en el municipio de Tihuatl\u00e1n, decidi\u00f3 que caminar\u00e1 las calles y buscar\u00e1 el voto, sin candidato presencial. Este martes se dar\u00eda una rueda de prensa en un conocido sitio del municipio, para refrendar apoyo a Goyo [&hellip;]<\/p>\n","protected":false},"author":1,"featured_media":13343,"comment_status":"open","ping_status":"open","sticky":false,"template":"","format":"standard","meta":{"_jetpack_memberships_contains_paid_content":false,"footnotes":""},"categories":[2],"tags":[],"class_list":["post-13342","post","type-post","status-publish","format-standard","has-post-thumbnail","hentry","category-estado"],"jetpack_featured_media_url":"https:\/\/encuentroinformativo.com.mx\/wp-content\/uploads\/2021\/04\/864EA0B6-AB3C-44E7-8252-763425EDF30E.jpeg","jetpack_sharing_enabled":true,"jetpack_likes_enabled":true,"amp_enabled":true,"_links":{"self":[{"href":"https:\/\/encuentroinformativo.com.mx\/index.php?rest_route=\/wp\/v2\/posts\/13342","targetHints":{"allow":["GET"]}}],"collection":[{"href":"https:\/\/encuentroinformativo.com.mx\/index.php?rest_route=\/wp\/v2\/posts"}],"about":[{"href":"https:\/\/encuentroinformativo.com.mx\/index.php?rest_route=\/wp\/v2\/types\/post"}],"author":[{"embeddable":true,"href":"https:\/\/encuentroinformativo.com.mx\/index.php?rest_route=\/wp\/v2\/users\/1"}],"replies":[{"embeddable":true,"href":"https:\/\/encuentroinformativo.com.mx\/index.php?rest_route=%2Fwp%2Fv2%2Fcomments&post=13342"}],"version-history":[{"count":1,"href":"https:\/\/encuentroinformativo.com.mx\/index.php?rest_route=\/wp\/v2\/posts\/13342\/revisions"}],"predecessor-version":[{"id":13344,"href":"https:\/\/encuentroinformativo.com.mx\/index.php?rest_route=\/wp\/v2\/posts\/13342\/revisions\/13344"}],"wp:featuredmedia":[{"embeddable":true,"href":"https:\/\/encuentroinformativo.com.mx\/index.php?rest_route=\/wp\/v2\/media\/13343"}],"wp:attachment":[{"href":"https:\/\/encuentroinformativo.com.mx\/index.php?rest_route=%2Fwp%2Fv2%2Fmedia&parent=13342"}],"wp:term":[{"taxonomy":"category","embeddable":true,"href":"https:\/\/encuentroinformativo.com.mx\/index.php?rest_route=%2Fwp%2Fv2%2Fcategories&post=13342"},{"taxonomy":"post_tag","embeddable":true,"href":"https:\/\/encuentroinformativo.com.mx\/index.php?rest_route=%2Fwp%2Fv2%2Ftags&post=13342"}],"curies":[{"name":"wp","href":"https:\/\/api.w.org\/{rel}","templated":true}]}}