{"id":13345,"date":"2021-04-26T12:53:48","date_gmt":"2021-04-26T17:53:48","guid":{"rendered":"https:\/\/encuentroinformativo.com.mx\/?p=13345"},"modified":"2021-04-26T12:53:52","modified_gmt":"2021-04-26T17:53:52","slug":"desaparecen-coordinacion-del-pt-en-coatepec","status":"publish","type":"post","link":"https:\/\/encuentroinformativo.com.mx\/?p=13345","title":{"rendered":"Desaparecen coordinaci\u00f3n del PT en Coatepec"},"content":{"rendered":"\n<p><strong>Juan Arcos<\/strong> <\/p>\n\n\n\n<p>Xalapa, Ver.- La Coordinaci\u00f3n del Partido del Trabajo (PT) en Coatepec desaparece a partir de este lunes 26 de abril por se\u00f1alamientos de imposiciones en las candidaturas.<\/p>\n\n\n\n<p>Efra\u00edn Armando Cano Serv\u00edn, coordinador de organizaci\u00f3n municipal del PT y aspirante a la presidencia municipal de Coatepec, anunci\u00f3 que este d\u00eda presentar\u00eda su renuncia, tanto a la candidatura como al partido.<\/p>\n\n\n\n<p>En conferencia de prensa, indic\u00f3 que esta situaci\u00f3n ocasionar\u00eda una desbandada en el Partido del Trabajo, en la regi\u00f3n de Coatepec, toda vez que cerca de 2 mil personas saldr\u00edan de las filas por el mismo motivo.<\/p>\n\n\n\n<p>El docente acus\u00f3 que el Movimiento de Regeneraci\u00f3n Nacional (Morena), como parte de la alianza \u201cJuntos Haremos Historia\u201d con el PT y el Partido Verde Ecologista de M\u00e9xico (PVEM), impuso al diputado con licencia Raymundo Andrade como candidato a la alcald\u00eda de Coatepec.<\/p>\n\n\n\n<p>\u201cNo s\u00e9 quien est\u00e9 metiendo las manos en este proceso, pero aqu\u00ed en espec\u00edfico, en Coatepec, los acuerdos se rompieron desde un principio. Designaron al ingeniero agr\u00f3nomo Raymundo Andrade\u201d.<\/p>\n\n\n\n<p>Cano Serv\u00edn enfatiz\u00f3 que est\u00e1 situaci\u00f3n ocasionar\u00eda una divisi\u00f3n entre el PT y Morena rumbo a la elecci\u00f3n del pr\u00f3ximo 6 de junio, donde se renovar\u00e1n los 212 ayuntamientos, 50 diputaciones locales y 30 diputaciones federales.\u00a0<\/p>\n\n\n\n<p>\u201cLa dirigencia del PT apenas se va a enterar porque no fueron claros desde un principio y ustedes saben que la pol\u00edtica es de acuerdos y si no hay acuerdos uno no tienen nada que estas haciendo aqu\u00ed\u201d.&nbsp;<\/p>\n\n\n\n<p>El PT cerr\u00f3 sus oficinas, ubicadas sobre la calle Zaragoza n\u00famero 1, en el Pueblo M\u00e1gico, a partir de este 26 de abril.<\/p>\n\n\n\n<p>\u201cYa no hay oficinas del Partido del Trabajo en Coatepec. Nosotros, todo el equipo que me respalda, dejamos de pertenecer al Partido del Trabajo\u201d, remat\u00f3\u00a0<\/p>\n","protected":false},"excerpt":{"rendered":"<p>Juan Arcos Xalapa, Ver.- La Coordinaci\u00f3n del Partido del Trabajo (PT) en Coatepec desaparece a partir de este lunes 26 de abril por se\u00f1alamientos de imposiciones en las candidaturas. Efra\u00edn Armando Cano Serv\u00edn, coordinador de organizaci\u00f3n municipal del PT y aspirante a la presidencia municipal de Coatepec, anunci\u00f3 que este d\u00eda presentar\u00eda su renuncia, tanto [&hellip;]<\/p>\n","protected":false},"author":1,"featured_media":13346,"comment_status":"open","ping_status":"open","sticky":false,"template":"","format":"standard","meta":{"_jetpack_memberships_contains_paid_content":false,"footnotes":""},"categories":[8],"tags":[],"class_list":["post-13345","post","type-post","status-publish","format-standard","has-post-thumbnail","hentry","category-region"],"jetpack_featured_media_url":"https:\/\/encuentroinformativo.com.mx\/wp-content\/uploads\/2021\/04\/91075E16-0F64-4DCD-A79A-BA9F6A13B921.jpeg","jetpack_sharing_enabled":true,"jetpack_likes_enabled":true,"amp_enabled":true,"_links":{"self":[{"href":"https:\/\/encuentroinformativo.com.mx\/index.php?rest_route=\/wp\/v2\/posts\/13345","targetHints":{"allow":["GET"]}}],"collection":[{"href":"https:\/\/encuentroinformativo.com.mx\/index.php?rest_route=\/wp\/v2\/posts"}],"about":[{"href":"https:\/\/encuentroinformativo.com.mx\/index.php?rest_route=\/wp\/v2\/types\/post"}],"author":[{"embeddable":true,"href":"https:\/\/encuentroinformativo.com.mx\/index.php?rest_route=\/wp\/v2\/users\/1"}],"replies":[{"embeddable":true,"href":"https:\/\/encuentroinformativo.com.mx\/index.php?rest_route=%2Fwp%2Fv2%2Fcomments&post=13345"}],"version-history":[{"count":1,"href":"https:\/\/encuentroinformativo.com.mx\/index.php?rest_route=\/wp\/v2\/posts\/13345\/revisions"}],"predecessor-version":[{"id":13347,"href":"https:\/\/encuentroinformativo.com.mx\/index.php?rest_route=\/wp\/v2\/posts\/13345\/revisions\/13347"}],"wp:featuredmedia":[{"embeddable":true,"href":"https:\/\/encuentroinformativo.com.mx\/index.php?rest_route=\/wp\/v2\/media\/13346"}],"wp:attachment":[{"href":"https:\/\/encuentroinformativo.com.mx\/index.php?rest_route=%2Fwp%2Fv2%2Fmedia&parent=13345"}],"wp:term":[{"taxonomy":"category","embeddable":true,"href":"https:\/\/encuentroinformativo.com.mx\/index.php?rest_route=%2Fwp%2Fv2%2Fcategories&post=13345"},{"taxonomy":"post_tag","embeddable":true,"href":"https:\/\/encuentroinformativo.com.mx\/index.php?rest_route=%2Fwp%2Fv2%2Ftags&post=13345"}],"curies":[{"name":"wp","href":"https:\/\/api.w.org\/{rel}","templated":true}]}}