{"id":13351,"date":"2021-04-26T14:33:44","date_gmt":"2021-04-26T19:33:44","guid":{"rendered":"https:\/\/encuentroinformativo.com.mx\/?p=13351"},"modified":"2021-04-26T14:33:48","modified_gmt":"2021-04-26T19:33:48","slug":"reinician-vacunacion-para-personal-de-salud-en-haev","status":"publish","type":"post","link":"https:\/\/encuentroinformativo.com.mx\/?p=13351","title":{"rendered":"Reinician vacunaci\u00f3n para personal de Salud en HAEV"},"content":{"rendered":"\n<p><strong>Alejandro \u00c1vila<\/strong><\/p>\n\n\n\n<p>Veracruz, Ver.- Un segundo grupo de personal de Salud ser\u00e1 vacunado por primera vez en el Hospital Regional de Veracruz, se trata de m\u00e9dicos residentes, camilleros, personal administrativo, entre otros, se estima que este d\u00eda se d\u00e9 su primera dosis a 712 personas.<\/p>\n\n\n\n<p>Este personal debi\u00f3 ser vacunado desde el mes de febrero, pero por temas de desabasto se retras\u00f3 su inaculaci\u00f3n, por lo que se reprogram\u00f3 su intervenci\u00f3n, y se inform\u00f3 a\u00fan falta un tercer grupo de recibir su primera dosis, misma que en breve ser\u00e1 inmunizado.<\/p>\n\n\n\n<p>&#8220;S\u00ed, ya llevabamos un buen de tiempo, ya hab\u00edan empezado, no alcanz\u00f3 en la primera vuelta y ahora vamos ya otra vez nosotros&#8221;, mencion\u00f3 Jatziri Nu\u00f1ez.<\/p>\n\n\n\n<p>La log\u00edstica para esta jornada de vacunaci\u00f3n en el Hospital de Alta Especialidad de Veracruz (HAEV) fue programada y se cit\u00f3 al personal en diferentes horarios, entre los asistentes, reconocieron algunos que ya hab\u00edan dado positivo de COVID-19.<\/p>\n\n\n\n<p>&#8220;Afortunadamente fue una enfermedad leve, no requer\u00ed ni oxigeno, ni hospitalizaci\u00f3n, de todas maneras sabemos que la vacuna reduce el riesgo de tener COVID grave, entonces pues s\u00ed, de todas maneras las personas que no hayan tenido o s\u00ed hayan tenido deben de ponersela&#8221;, expres\u00f3 Rina Rodr\u00edguez Robles, residenten de anesteciolog\u00eda del UMAE.<\/p>\n","protected":false},"excerpt":{"rendered":"<p>Alejandro \u00c1vila Veracruz, Ver.- Un segundo grupo de personal de Salud ser\u00e1 vacunado por primera vez en el Hospital Regional de Veracruz, se trata de m\u00e9dicos residentes, camilleros, personal administrativo, entre otros, se estima que este d\u00eda se d\u00e9 su primera dosis a 712 personas. Este personal debi\u00f3 ser vacunado desde el mes de febrero, [&hellip;]<\/p>\n","protected":false},"author":1,"featured_media":13352,"comment_status":"open","ping_status":"open","sticky":false,"template":"","format":"standard","meta":{"_jetpack_memberships_contains_paid_content":false,"footnotes":""},"categories":[9],"tags":[],"class_list":["post-13351","post","type-post","status-publish","format-standard","has-post-thumbnail","hentry","category-salud"],"jetpack_featured_media_url":"https:\/\/encuentroinformativo.com.mx\/wp-content\/uploads\/2021\/04\/E6F508CE-E36C-4730-A056-8B38359ABB44.jpeg","jetpack_sharing_enabled":true,"jetpack_likes_enabled":true,"amp_enabled":true,"_links":{"self":[{"href":"https:\/\/encuentroinformativo.com.mx\/index.php?rest_route=\/wp\/v2\/posts\/13351","targetHints":{"allow":["GET"]}}],"collection":[{"href":"https:\/\/encuentroinformativo.com.mx\/index.php?rest_route=\/wp\/v2\/posts"}],"about":[{"href":"https:\/\/encuentroinformativo.com.mx\/index.php?rest_route=\/wp\/v2\/types\/post"}],"author":[{"embeddable":true,"href":"https:\/\/encuentroinformativo.com.mx\/index.php?rest_route=\/wp\/v2\/users\/1"}],"replies":[{"embeddable":true,"href":"https:\/\/encuentroinformativo.com.mx\/index.php?rest_route=%2Fwp%2Fv2%2Fcomments&post=13351"}],"version-history":[{"count":1,"href":"https:\/\/encuentroinformativo.com.mx\/index.php?rest_route=\/wp\/v2\/posts\/13351\/revisions"}],"predecessor-version":[{"id":13353,"href":"https:\/\/encuentroinformativo.com.mx\/index.php?rest_route=\/wp\/v2\/posts\/13351\/revisions\/13353"}],"wp:featuredmedia":[{"embeddable":true,"href":"https:\/\/encuentroinformativo.com.mx\/index.php?rest_route=\/wp\/v2\/media\/13352"}],"wp:attachment":[{"href":"https:\/\/encuentroinformativo.com.mx\/index.php?rest_route=%2Fwp%2Fv2%2Fmedia&parent=13351"}],"wp:term":[{"taxonomy":"category","embeddable":true,"href":"https:\/\/encuentroinformativo.com.mx\/index.php?rest_route=%2Fwp%2Fv2%2Fcategories&post=13351"},{"taxonomy":"post_tag","embeddable":true,"href":"https:\/\/encuentroinformativo.com.mx\/index.php?rest_route=%2Fwp%2Fv2%2Ftags&post=13351"}],"curies":[{"name":"wp","href":"https:\/\/api.w.org\/{rel}","templated":true}]}}