{"id":13354,"date":"2021-04-26T14:42:22","date_gmt":"2021-04-26T19:42:22","guid":{"rendered":"https:\/\/encuentroinformativo.com.mx\/?p=13354"},"modified":"2021-04-26T14:42:26","modified_gmt":"2021-04-26T19:42:26","slug":"por-regreso-a-clases-presenciales-padres-demandan-informacion-detallada","status":"publish","type":"post","link":"https:\/\/encuentroinformativo.com.mx\/?p=13354","title":{"rendered":"Por regreso a clases presenciales, padres demandan informaci\u00f3n detallada"},"content":{"rendered":"\n<p><strong>Dar\u00edo Pale <\/strong><\/p>\n\n\n\n<p>Xalapa, Ver.- Hacen un llamado a las autoridades educativas y a los padres de familia para que se les entregue informaci\u00f3n clara y precisa sobre los protocolos que se deber\u00e1n cumplir para el regreso presencial a clases en los planteles tanto p\u00fablicos como privados, as\u00ed lo solicit\u00f3\u00a0Elena Garc\u00eda Porragas, presidenta de\u00a0la\u00a0Uni\u00f3n de Padres de Familia Xalapa.<\/p>\n\n\n\n<p>En conferencia de prensa realizada en conocido caf\u00e9 del centro de Xalapa, record\u00f3 que todas las escuelas tienen un Consejo de Participaci\u00f3n Social en la Educaci\u00f3n, previsto en la reciente modificaci\u00f3n al Art\u00edculo Tercero Constitucional, as\u00ed como en la Ley General de Educaci\u00f3n.<\/p>\n\n\n\n<p>&#8220;Es el momento de ponerlos en marcha e involucrar a los padres de familia para presentar propuestas adicionales y enriquecer los protocolos de seguridad y sanidad en casa una de las escuelas, vigilando el cumplimiento de \u00e9stas, es\u00a0decir, garantizar el acceso de un regreso escalonado, maximizar el uso de los espacios abiertos, apoyo socio-emocional para docentes y estudiantes, contar con todo el material de higiene necesario, vacunaci\u00f3n de todos los maestros, uso obligatorio de cubrebocas&#8221;, solicit\u00f3.<\/p>\n\n\n\n<p>Elena Garc\u00eda Porragas coment\u00f3 que el proceso de regreso a clases ser\u00e1 de manera paulatina y no ser\u00e1 obligatorio, pero es importante que los padres de familia se involucren y de esa manera el regreso presencial sea libre de contagios, no obstante subray\u00f3 que es importante considerar que el 54 por ciento de los padres de familia no desean regresar a clases presenciales y el 46 por ciento s\u00ed.<\/p>\n\n\n\n<p>Debido a lo anterior consider\u00f3 que debe hacer flexibilidad y acuerdo entre las partes, padres de familia y directivos de las escuelas sobre la forma en que se regresar\u00e1: h\u00edbrido, semi presencial o escalonado.<\/p>\n\n\n\n<p>&#8220;Por ello, solicitamos a las autoridades educativas, a los padres, a los maestros y los mismo alumnos, ser muy cuidadosos para evitar posibles brotes epidemiol\u00f3gicos que pongan en riesgo la salud de nuestros hijos&#8221;, finaliz\u00f3.<\/p>\n","protected":false},"excerpt":{"rendered":"<p>Dar\u00edo Pale Xalapa, Ver.- Hacen un llamado a las autoridades educativas y a los padres de familia para que se les entregue informaci\u00f3n clara y precisa sobre los protocolos que se deber\u00e1n cumplir para el regreso presencial a clases en los planteles tanto p\u00fablicos como privados, as\u00ed lo solicit\u00f3\u00a0Elena Garc\u00eda Porragas, presidenta de\u00a0la\u00a0Uni\u00f3n de Padres [&hellip;]<\/p>\n","protected":false},"author":1,"featured_media":13355,"comment_status":"open","ping_status":"open","sticky":false,"template":"","format":"standard","meta":{"_jetpack_memberships_contains_paid_content":false,"footnotes":""},"categories":[3],"tags":[],"class_list":["post-13354","post","type-post","status-publish","format-standard","has-post-thumbnail","hentry","category-xalapa"],"jetpack_featured_media_url":"https:\/\/encuentroinformativo.com.mx\/wp-content\/uploads\/2021\/04\/4FFFB9A2-450E-43A5-BA80-05FC0BD79A31.jpeg","jetpack_sharing_enabled":true,"jetpack_likes_enabled":true,"amp_enabled":true,"_links":{"self":[{"href":"https:\/\/encuentroinformativo.com.mx\/index.php?rest_route=\/wp\/v2\/posts\/13354","targetHints":{"allow":["GET"]}}],"collection":[{"href":"https:\/\/encuentroinformativo.com.mx\/index.php?rest_route=\/wp\/v2\/posts"}],"about":[{"href":"https:\/\/encuentroinformativo.com.mx\/index.php?rest_route=\/wp\/v2\/types\/post"}],"author":[{"embeddable":true,"href":"https:\/\/encuentroinformativo.com.mx\/index.php?rest_route=\/wp\/v2\/users\/1"}],"replies":[{"embeddable":true,"href":"https:\/\/encuentroinformativo.com.mx\/index.php?rest_route=%2Fwp%2Fv2%2Fcomments&post=13354"}],"version-history":[{"count":1,"href":"https:\/\/encuentroinformativo.com.mx\/index.php?rest_route=\/wp\/v2\/posts\/13354\/revisions"}],"predecessor-version":[{"id":13356,"href":"https:\/\/encuentroinformativo.com.mx\/index.php?rest_route=\/wp\/v2\/posts\/13354\/revisions\/13356"}],"wp:featuredmedia":[{"embeddable":true,"href":"https:\/\/encuentroinformativo.com.mx\/index.php?rest_route=\/wp\/v2\/media\/13355"}],"wp:attachment":[{"href":"https:\/\/encuentroinformativo.com.mx\/index.php?rest_route=%2Fwp%2Fv2%2Fmedia&parent=13354"}],"wp:term":[{"taxonomy":"category","embeddable":true,"href":"https:\/\/encuentroinformativo.com.mx\/index.php?rest_route=%2Fwp%2Fv2%2Fcategories&post=13354"},{"taxonomy":"post_tag","embeddable":true,"href":"https:\/\/encuentroinformativo.com.mx\/index.php?rest_route=%2Fwp%2Fv2%2Ftags&post=13354"}],"curies":[{"name":"wp","href":"https:\/\/api.w.org\/{rel}","templated":true}]}}