{"id":13363,"date":"2021-04-26T16:28:41","date_gmt":"2021-04-26T21:28:41","guid":{"rendered":"https:\/\/encuentroinformativo.com.mx\/?p=13363"},"modified":"2021-04-26T16:28:46","modified_gmt":"2021-04-26T21:28:46","slug":"presunto-pederasta-amenaza-a-familia-de-victima","status":"publish","type":"post","link":"https:\/\/encuentroinformativo.com.mx\/?p=13363","title":{"rendered":"Presunto pederasta amenaza a familia de v\u00edctima"},"content":{"rendered":"\n<p><strong>Alejandro \u00c1vila<\/strong><\/p>\n\n\n\n<p>Veracruz, Ver.- Tras serle negado a Juan Fernando \u201cN\u201d por un Juez Federal el amparo que hab\u00eda conseguido mediante el Juez Tercero de Distrito, allegados a su persona iniciaron una serie de intimidaciones hacia la familia de la v\u00edctima.<\/p>\n\n\n\n<p>Cabe recordar que hace unos meses, Juan Fernando \u201cN\u201d fue detenido por el presunto delito de pederastia, en agravio de su hija, una peque\u00f1a de apenas 5 a\u00f1os de edad.<\/p>\n\n\n\n<p>Rey David Santos, asesor jur\u00eddico de la v\u00edctima, relat\u00f3 que hace dos semanas los abogados defensores promovieron la queja ante el Magistrado Primero con residencia en Boca del R\u00edo.<\/p>\n\n\n\n<p>\u201cPor boca del abogado, el defensor del se\u00f1or, en este caso el pap\u00e1 del agresor, pues nosotros estamos enterados o nos manifest\u00f3, que ya hab\u00eda comprado al Juez de Distrito y que ya ten\u00eda apalabrado el asunto con el Magistrado y que no pasaba de mayo para que su cliente saliera libre, b\u00e1sicamente\u201d, relat\u00f3.<\/p>\n\n\n\n<p>Rey David Santos, menciona que desde que Polic\u00eda Ministerial ejecuta la orden de aprehensi\u00f3n, el asesor jur\u00eddico de la defensa y la familia han recibido amenazas, intimidaciones e incluso han recibido ofertas econ\u00f3micas para que presenten a la menor y esta diga que todo fue un sue\u00f1o y un invento de su parte, para que el imputado pueda obtener su libertad.<\/p>\n\n\n\n<p>\u201cOfertas econ\u00f3micas que te soy muy sincero a nosotros como abogados pues es el pan de cada d\u00eda, inclusive tambi\u00e9n las amenazas, no nos amedrentamos ni nos da miedo, pero s\u00ed tratamos de cuidar un poco, pues la seguridad y la estabilidad de nuestros clientes, en este caso pues imag\u00ednate, es una menor, las pruebas y los dato que se aportaron, junto con los dict\u00e1menes, pues est\u00e1n acreditando que el hecho sucedi\u00f3 cuando la menor ten\u00eda entre 4 y 5 a\u00f1os\u201d, explic\u00f3.<\/p>\n\n\n\n<p>Expuso para finalizar, que existen demasiados medios que prueban y acreditan el hecho por el cual Juan Fernando \u201cN\u201d est\u00e1 siendo en juicio.<br>\u00a0<br>\u00a0<br>\u00a0<br>\u00a0<\/p>\n","protected":false},"excerpt":{"rendered":"<p>Alejandro \u00c1vila Veracruz, Ver.- Tras serle negado a Juan Fernando \u201cN\u201d por un Juez Federal el amparo que hab\u00eda conseguido mediante el Juez Tercero de Distrito, allegados a su persona iniciaron una serie de intimidaciones hacia la familia de la v\u00edctima. Cabe recordar que hace unos meses, Juan Fernando \u201cN\u201d fue detenido por el presunto [&hellip;]<\/p>\n","protected":false},"author":1,"featured_media":13364,"comment_status":"open","ping_status":"open","sticky":false,"template":"","format":"standard","meta":{"_jetpack_memberships_contains_paid_content":false,"footnotes":""},"categories":[14],"tags":[],"class_list":["post-13363","post","type-post","status-publish","format-standard","has-post-thumbnail","hentry","category-policiaca"],"jetpack_featured_media_url":"https:\/\/encuentroinformativo.com.mx\/wp-content\/uploads\/2021\/04\/83E973D6-7DA1-4617-9CAA-5A2E2E9E01CA.jpeg","jetpack_sharing_enabled":true,"jetpack_likes_enabled":true,"amp_enabled":true,"_links":{"self":[{"href":"https:\/\/encuentroinformativo.com.mx\/index.php?rest_route=\/wp\/v2\/posts\/13363","targetHints":{"allow":["GET"]}}],"collection":[{"href":"https:\/\/encuentroinformativo.com.mx\/index.php?rest_route=\/wp\/v2\/posts"}],"about":[{"href":"https:\/\/encuentroinformativo.com.mx\/index.php?rest_route=\/wp\/v2\/types\/post"}],"author":[{"embeddable":true,"href":"https:\/\/encuentroinformativo.com.mx\/index.php?rest_route=\/wp\/v2\/users\/1"}],"replies":[{"embeddable":true,"href":"https:\/\/encuentroinformativo.com.mx\/index.php?rest_route=%2Fwp%2Fv2%2Fcomments&post=13363"}],"version-history":[{"count":1,"href":"https:\/\/encuentroinformativo.com.mx\/index.php?rest_route=\/wp\/v2\/posts\/13363\/revisions"}],"predecessor-version":[{"id":13365,"href":"https:\/\/encuentroinformativo.com.mx\/index.php?rest_route=\/wp\/v2\/posts\/13363\/revisions\/13365"}],"wp:featuredmedia":[{"embeddable":true,"href":"https:\/\/encuentroinformativo.com.mx\/index.php?rest_route=\/wp\/v2\/media\/13364"}],"wp:attachment":[{"href":"https:\/\/encuentroinformativo.com.mx\/index.php?rest_route=%2Fwp%2Fv2%2Fmedia&parent=13363"}],"wp:term":[{"taxonomy":"category","embeddable":true,"href":"https:\/\/encuentroinformativo.com.mx\/index.php?rest_route=%2Fwp%2Fv2%2Fcategories&post=13363"},{"taxonomy":"post_tag","embeddable":true,"href":"https:\/\/encuentroinformativo.com.mx\/index.php?rest_route=%2Fwp%2Fv2%2Ftags&post=13363"}],"curies":[{"name":"wp","href":"https:\/\/api.w.org\/{rel}","templated":true}]}}