{"id":13384,"date":"2021-04-27T10:31:50","date_gmt":"2021-04-27T15:31:50","guid":{"rendered":"https:\/\/encuentroinformativo.com.mx\/?p=13384"},"modified":"2021-04-27T10:31:54","modified_gmt":"2021-04-27T15:31:54","slug":"acusan-sobrecupo-en-cereso-de-poza-rica","status":"publish","type":"post","link":"https:\/\/encuentroinformativo.com.mx\/?p=13384","title":{"rendered":"Acusan sobrecupo en Cereso de Poza Rica"},"content":{"rendered":"\n<p><strong>Alejandro \u00c1vila<\/strong><\/p>\n\n\n\n<p>Poza Rica, Ver.- Con cerca de 56 a\u00f1os de creaci\u00f3n y con la idea de encarcelar a los delincuentes de Poza Rica, se cre\u00f3 el Centro de Reinserci\u00f3n Social (CERESO) en la ciudad; hoy est\u00e1 con sobrecupo, pues aglomera a reos de 5 municipios.<\/p>\n\n\n\n<p>La urbanidad alcanz\u00f3 al centro penitenciario, y el crecimiento lo rebas\u00f3; pues originalmente era una c\u00e1rcel municipal con una capacidad m\u00e1xima de 200 personas, que hoy mantiene presos a m\u00e1s de 300 y se encuentra pegado al Palacio Municipal y un complejo habitacional.<\/p>\n\n\n\n<p>Adem\u00e1s, con tantos a\u00f1os de existencia y el poco mantenimiento, hoy es una \u201cbomba de tiempo\u201d, pues los ductos de gas son muy viejos, al igual que el drenaje, y hace poco se dio una fuga gas que encendi\u00f3 las alarmas del lugar.<\/p>\n\n\n\n<p>Debido al exceso de poblaci\u00f3n, no hay m\u00e1s \u00e1reas de esparcimiento, los dormitorios est\u00e1n saturados y las enfermedades por la falta de higiene se incrementan.<\/p>\n\n\n\n<p>El reclusorio fue construido desde 1965 como una c\u00e1rcel municipal, cuando la ciudad no explotaba como cabecera municipal, a\u00f1os m\u00e1s tarde, tuvo que dar cabida a delincuentes de municipios como Tihuatl\u00e1n, Coatzintla, Cazones, Castillo de Teayo y Poza Rica.<\/p>\n","protected":false},"excerpt":{"rendered":"<p>Alejandro \u00c1vila Poza Rica, Ver.- Con cerca de 56 a\u00f1os de creaci\u00f3n y con la idea de encarcelar a los delincuentes de Poza Rica, se cre\u00f3 el Centro de Reinserci\u00f3n Social (CERESO) en la ciudad; hoy est\u00e1 con sobrecupo, pues aglomera a reos de 5 municipios. La urbanidad alcanz\u00f3 al centro penitenciario, y el crecimiento [&hellip;]<\/p>\n","protected":false},"author":1,"featured_media":13385,"comment_status":"open","ping_status":"open","sticky":false,"template":"","format":"standard","meta":{"_jetpack_memberships_contains_paid_content":false,"footnotes":""},"categories":[2],"tags":[],"class_list":["post-13384","post","type-post","status-publish","format-standard","has-post-thumbnail","hentry","category-estado"],"jetpack_featured_media_url":"https:\/\/encuentroinformativo.com.mx\/wp-content\/uploads\/2021\/04\/1E8DB79C-F8AC-4879-80EE-0D1A2746DB49.jpeg","jetpack_sharing_enabled":true,"jetpack_likes_enabled":true,"amp_enabled":true,"_links":{"self":[{"href":"https:\/\/encuentroinformativo.com.mx\/index.php?rest_route=\/wp\/v2\/posts\/13384","targetHints":{"allow":["GET"]}}],"collection":[{"href":"https:\/\/encuentroinformativo.com.mx\/index.php?rest_route=\/wp\/v2\/posts"}],"about":[{"href":"https:\/\/encuentroinformativo.com.mx\/index.php?rest_route=\/wp\/v2\/types\/post"}],"author":[{"embeddable":true,"href":"https:\/\/encuentroinformativo.com.mx\/index.php?rest_route=\/wp\/v2\/users\/1"}],"replies":[{"embeddable":true,"href":"https:\/\/encuentroinformativo.com.mx\/index.php?rest_route=%2Fwp%2Fv2%2Fcomments&post=13384"}],"version-history":[{"count":1,"href":"https:\/\/encuentroinformativo.com.mx\/index.php?rest_route=\/wp\/v2\/posts\/13384\/revisions"}],"predecessor-version":[{"id":13386,"href":"https:\/\/encuentroinformativo.com.mx\/index.php?rest_route=\/wp\/v2\/posts\/13384\/revisions\/13386"}],"wp:featuredmedia":[{"embeddable":true,"href":"https:\/\/encuentroinformativo.com.mx\/index.php?rest_route=\/wp\/v2\/media\/13385"}],"wp:attachment":[{"href":"https:\/\/encuentroinformativo.com.mx\/index.php?rest_route=%2Fwp%2Fv2%2Fmedia&parent=13384"}],"wp:term":[{"taxonomy":"category","embeddable":true,"href":"https:\/\/encuentroinformativo.com.mx\/index.php?rest_route=%2Fwp%2Fv2%2Fcategories&post=13384"},{"taxonomy":"post_tag","embeddable":true,"href":"https:\/\/encuentroinformativo.com.mx\/index.php?rest_route=%2Fwp%2Fv2%2Ftags&post=13384"}],"curies":[{"name":"wp","href":"https:\/\/api.w.org\/{rel}","templated":true}]}}