{"id":13388,"date":"2021-04-27T10:38:15","date_gmt":"2021-04-27T15:38:15","guid":{"rendered":"https:\/\/encuentroinformativo.com.mx\/?p=13388"},"modified":"2021-04-27T10:38:21","modified_gmt":"2021-04-27T15:38:21","slug":"pide-apoyo-centro-de-rehabilitacion-para-no-cerrar-sus-puertas","status":"publish","type":"post","link":"https:\/\/encuentroinformativo.com.mx\/?p=13388","title":{"rendered":"Pide apoyo Centro de Rehabilitaci\u00f3n para no cerrar sus puertas"},"content":{"rendered":"\n<p><strong>Alejandro \u00c1vila<\/strong><\/p>\n\n\n\n<p>Veracruz, Ver.- El Centro de Voluntarias en Rehabilitaci\u00f3n ubicado en la avenida Miguel \u00c1ngel de Quevedo 3 801, en la ciudad de Veracruz, lanza un llamado de auxilio a la ciudadan\u00eda veracruzana, pues debido a la falta de donativos est\u00e1 a punto de cerrar sus puertas y dejar\u00eda a la deriva a 38 pacientes.<\/p>\n\n\n\n<p>Creado en 1984 por la se\u00f1ora Margarita Canseco, actual presidenta del Patronato, se inici\u00f3 como un lugar para atender a ni\u00f1os con par\u00e1lisis cerebral, al pasar de los a\u00f1os han incrementado sus servicios, pues ahora dan tambi\u00e9n, terapias de lenguaje, de aprendizaje, ocupacional, estimulaci\u00f3n temprana, multi sensorial e hidroterapia.<\/p>\n\n\n\n<p>\u201cActualmente estamos en una situaci\u00f3n cr\u00edtica, realmente este lugar se ha mantenido a base de donativos, con el apoyo de la sociedad veracruzana, el patronato ha trabajado desde hace muchos a\u00f1os, desde que esto inici\u00f3, pero pues obviamente cada vez es m\u00e1s dif\u00edcil y si a eso le aunamos lo de la pandemia, pues desde hace m\u00e1s de un a\u00f1o, pues hay donativos que ya no nos llegan\u201d, mencion\u00f3 Virginia L\u00f3pez Hern\u00e1ndez, directora del lugar.<\/p>\n\n\n\n<p>Si bien dejaron de laborar un tiempo por la pandemia, tuvieron que regresar a las actividades pues muchos pacientes se vieron afectados, por lo que decidieron continuar con grupos m\u00e1s peque\u00f1os y aislados.<\/p>\n\n\n\n<p>El apoyo que dan los padres de familia es simb\u00f3lico, en algunos casos, dependiendo de su situaci\u00f3n socioecon\u00f3mica, ni siquiera se les cobra; por tal motivo exhortan a los veracruzanos y las empresas a apoyarlos, pues adem\u00e1s cuentan con recibos deducibles de impuestos.<\/p>\n\n\n\n<p>\u201cEstamos con las puertas abiertas y ahora s\u00ed con el coraz\u00f3n en la mano, porque la verdad que estos chicos, muchos han ido creciendo aqu\u00ed y son de treinta y tantos a\u00f1os y ya no los atienden en cualquier lugar (\u2026) si esto no mejora, pues no nos va a quedar otro remedio que dejar este lugar\u201d.<\/p>\n\n\n\n<p>El Centro de Rehabilitaci\u00f3n cuenta con psicopedagogas y m\u00e9dicos fisiatras debidamente preparados, reconoci\u00f3 Antonia Acosta Vichi, quien lleva a su nieto desde hace nueve a\u00f1os y ha visto una gran evoluci\u00f3n.<\/p>\n\n\n\n<p>\u201cSinceramente este lugar no ha apoyado mucho, nos ha servido para sacar a nuestros hijos adelante y pues hay ni\u00f1os que tienen diferentes problemas, el m\u00edo tiene problemas de motricidad, anteriormente convulsionaba, no caminaba, con las terapias y con la ayuda aqu\u00ed del personal, pues ha salido adelante\u201d, culmin\u00f3.<\/p>\n\n\n\n<figure class=\"wp-block-image size-large\"><img loading=\"lazy\" decoding=\"async\" width=\"1024\" height=\"695\" src=\"https:\/\/encuentroinformativo.com.mx\/wp-content\/uploads\/2021\/04\/886D433B-8038-4E57-99D1-721565865A7E-1024x695.jpeg\" alt=\"\" class=\"wp-image-13390\" srcset=\"https:\/\/encuentroinformativo.com.mx\/wp-content\/uploads\/2021\/04\/886D433B-8038-4E57-99D1-721565865A7E-1024x695.jpeg 1024w, https:\/\/encuentroinformativo.com.mx\/wp-content\/uploads\/2021\/04\/886D433B-8038-4E57-99D1-721565865A7E-300x204.jpeg 300w, https:\/\/encuentroinformativo.com.mx\/wp-content\/uploads\/2021\/04\/886D433B-8038-4E57-99D1-721565865A7E-768x521.jpeg 768w, https:\/\/encuentroinformativo.com.mx\/wp-content\/uploads\/2021\/04\/886D433B-8038-4E57-99D1-721565865A7E.jpeg 1269w\" sizes=\"auto, (max-width: 1024px) 100vw, 1024px\" \/><\/figure>\n","protected":false},"excerpt":{"rendered":"<p>Alejandro \u00c1vila Veracruz, Ver.- El Centro de Voluntarias en Rehabilitaci\u00f3n ubicado en la avenida Miguel \u00c1ngel de Quevedo 3 801, en la ciudad de Veracruz, lanza un llamado de auxilio a la ciudadan\u00eda veracruzana, pues debido a la falta de donativos est\u00e1 a punto de cerrar sus puertas y dejar\u00eda a la deriva a 38 [&hellip;]<\/p>\n","protected":false},"author":1,"featured_media":13389,"comment_status":"open","ping_status":"open","sticky":false,"template":"","format":"standard","meta":{"_jetpack_memberships_contains_paid_content":false,"footnotes":""},"categories":[2],"tags":[],"class_list":["post-13388","post","type-post","status-publish","format-standard","has-post-thumbnail","hentry","category-estado"],"jetpack_featured_media_url":"https:\/\/encuentroinformativo.com.mx\/wp-content\/uploads\/2021\/04\/D5F2DE2F-658C-4F7B-B934-A92EEF55985F.jpeg","jetpack_sharing_enabled":true,"jetpack_likes_enabled":true,"amp_enabled":true,"_links":{"self":[{"href":"https:\/\/encuentroinformativo.com.mx\/index.php?rest_route=\/wp\/v2\/posts\/13388","targetHints":{"allow":["GET"]}}],"collection":[{"href":"https:\/\/encuentroinformativo.com.mx\/index.php?rest_route=\/wp\/v2\/posts"}],"about":[{"href":"https:\/\/encuentroinformativo.com.mx\/index.php?rest_route=\/wp\/v2\/types\/post"}],"author":[{"embeddable":true,"href":"https:\/\/encuentroinformativo.com.mx\/index.php?rest_route=\/wp\/v2\/users\/1"}],"replies":[{"embeddable":true,"href":"https:\/\/encuentroinformativo.com.mx\/index.php?rest_route=%2Fwp%2Fv2%2Fcomments&post=13388"}],"version-history":[{"count":1,"href":"https:\/\/encuentroinformativo.com.mx\/index.php?rest_route=\/wp\/v2\/posts\/13388\/revisions"}],"predecessor-version":[{"id":13391,"href":"https:\/\/encuentroinformativo.com.mx\/index.php?rest_route=\/wp\/v2\/posts\/13388\/revisions\/13391"}],"wp:featuredmedia":[{"embeddable":true,"href":"https:\/\/encuentroinformativo.com.mx\/index.php?rest_route=\/wp\/v2\/media\/13389"}],"wp:attachment":[{"href":"https:\/\/encuentroinformativo.com.mx\/index.php?rest_route=%2Fwp%2Fv2%2Fmedia&parent=13388"}],"wp:term":[{"taxonomy":"category","embeddable":true,"href":"https:\/\/encuentroinformativo.com.mx\/index.php?rest_route=%2Fwp%2Fv2%2Fcategories&post=13388"},{"taxonomy":"post_tag","embeddable":true,"href":"https:\/\/encuentroinformativo.com.mx\/index.php?rest_route=%2Fwp%2Fv2%2Ftags&post=13388"}],"curies":[{"name":"wp","href":"https:\/\/api.w.org\/{rel}","templated":true}]}}