{"id":13393,"date":"2021-04-27T10:44:36","date_gmt":"2021-04-27T15:44:36","guid":{"rendered":"https:\/\/encuentroinformativo.com.mx\/?p=13393"},"modified":"2021-04-27T10:44:40","modified_gmt":"2021-04-27T15:44:40","slug":"mantienen-normalistas-planton-en-oficinas-de-la-sev","status":"publish","type":"post","link":"https:\/\/encuentroinformativo.com.mx\/?p=13393","title":{"rendered":"Mantienen normalistas plant\u00f3n en oficinas de la SEV"},"content":{"rendered":"\n<p><strong>Juan Arcos<\/strong> <\/p>\n\n\n\n<p>Xalapa, Ver.- Normalistas egresados tomaron por segundo d\u00eda consecutivo las oficinas centrales de la Secretar\u00eda de Educaci\u00f3n de Veracruz (SEV), para exigir la asignaci\u00f3n de plazas docentes.<\/p>\n\n\n\n<p>Los j\u00f3venes pernoctaron afuera de la dependencia estatal, ubicada sobre la carretera federal Xalapa-Veracruz, frente a una conocida plaza comercial, para que fueran atendidas sus demandas.<\/p>\n\n\n\n<p>De acuerdo con Ariadna Vargas Velasco, normalista de Huayacocotla, los normalistas exigen una audiencia con autoridades educativas para que les den una fecha de asignaci\u00f3n de plazas, seg\u00fan el n\u00famero de prelaci\u00f3n.<\/p>\n\n\n\n<p>\u201cQueremos una fecha, queremos un oficio firmado y sellado porque hemos venido en diferentes ocasiones y simplemente nos dan largas, nos dicen que en abril, que a finales de abril, pero no siguen ignorando\u201d.<\/p>\n\n\n\n<p>Los quejosos protestan desde la ma\u00f1ana del lunes en la SEV, donde colocaron lonas y pancartas para impedir el acceso del personal y de la gente que acude a realizar tr\u00e1mites.<\/p>\n\n\n\n<p>Los normalistas requieren plazas para secundarias, telesecundarias, educaci\u00f3n f\u00edsica, primarias y educaci\u00f3n especial.<\/p>\n\n\n\n<p>Vargas Velasco se\u00f1al\u00f3 que han dialogado con funcionarios menores, quienes carecen de atribuciones para tomar decisiones y solucionar la problem\u00e1tica.<\/p>\n\n\n\n<p>\u201cHemos platicado, dialogado, con las personas que no son las indicadas, no hemos llegado a dialogar en s\u00ed con el secretario, es con quien nos interesa dialogar\u201d.<\/p>\n\n\n\n<p>Los egresados amagaron con mantener tomadas las instalaciones de la SEV hasta recibir una respuesta favorable a sus demandas.<\/p>\n","protected":false},"excerpt":{"rendered":"<p>Juan Arcos Xalapa, Ver.- Normalistas egresados tomaron por segundo d\u00eda consecutivo las oficinas centrales de la Secretar\u00eda de Educaci\u00f3n de Veracruz (SEV), para exigir la asignaci\u00f3n de plazas docentes. Los j\u00f3venes pernoctaron afuera de la dependencia estatal, ubicada sobre la carretera federal Xalapa-Veracruz, frente a una conocida plaza comercial, para que fueran atendidas sus demandas. [&hellip;]<\/p>\n","protected":false},"author":1,"featured_media":13394,"comment_status":"open","ping_status":"open","sticky":false,"template":"","format":"standard","meta":{"_jetpack_memberships_contains_paid_content":false,"footnotes":""},"categories":[3],"tags":[],"class_list":["post-13393","post","type-post","status-publish","format-standard","has-post-thumbnail","hentry","category-xalapa"],"jetpack_featured_media_url":"https:\/\/encuentroinformativo.com.mx\/wp-content\/uploads\/2021\/04\/FDAA1368-CF0F-4809-8316-0203226D1611.jpeg","jetpack_sharing_enabled":true,"jetpack_likes_enabled":true,"amp_enabled":true,"_links":{"self":[{"href":"https:\/\/encuentroinformativo.com.mx\/index.php?rest_route=\/wp\/v2\/posts\/13393","targetHints":{"allow":["GET"]}}],"collection":[{"href":"https:\/\/encuentroinformativo.com.mx\/index.php?rest_route=\/wp\/v2\/posts"}],"about":[{"href":"https:\/\/encuentroinformativo.com.mx\/index.php?rest_route=\/wp\/v2\/types\/post"}],"author":[{"embeddable":true,"href":"https:\/\/encuentroinformativo.com.mx\/index.php?rest_route=\/wp\/v2\/users\/1"}],"replies":[{"embeddable":true,"href":"https:\/\/encuentroinformativo.com.mx\/index.php?rest_route=%2Fwp%2Fv2%2Fcomments&post=13393"}],"version-history":[{"count":1,"href":"https:\/\/encuentroinformativo.com.mx\/index.php?rest_route=\/wp\/v2\/posts\/13393\/revisions"}],"predecessor-version":[{"id":13395,"href":"https:\/\/encuentroinformativo.com.mx\/index.php?rest_route=\/wp\/v2\/posts\/13393\/revisions\/13395"}],"wp:featuredmedia":[{"embeddable":true,"href":"https:\/\/encuentroinformativo.com.mx\/index.php?rest_route=\/wp\/v2\/media\/13394"}],"wp:attachment":[{"href":"https:\/\/encuentroinformativo.com.mx\/index.php?rest_route=%2Fwp%2Fv2%2Fmedia&parent=13393"}],"wp:term":[{"taxonomy":"category","embeddable":true,"href":"https:\/\/encuentroinformativo.com.mx\/index.php?rest_route=%2Fwp%2Fv2%2Fcategories&post=13393"},{"taxonomy":"post_tag","embeddable":true,"href":"https:\/\/encuentroinformativo.com.mx\/index.php?rest_route=%2Fwp%2Fv2%2Ftags&post=13393"}],"curies":[{"name":"wp","href":"https:\/\/api.w.org\/{rel}","templated":true}]}}