{"id":13396,"date":"2021-04-27T11:05:44","date_gmt":"2021-04-27T16:05:44","guid":{"rendered":"https:\/\/encuentroinformativo.com.mx\/?p=13396"},"modified":"2021-04-27T11:05:47","modified_gmt":"2021-04-27T16:05:47","slug":"buscan-crear-museo-masonico-en-veracruz","status":"publish","type":"post","link":"https:\/\/encuentroinformativo.com.mx\/?p=13396","title":{"rendered":"Buscan crear Museo Mas\u00f3nico en Veracruz"},"content":{"rendered":"\n<p><strong>Alejandro \u00c1vila<\/strong><\/p>\n\n\n\n<p>Veracruz, Ver.- La Gran Logia Mas\u00f3nica inici\u00f3 el proyecto para crear el Museo Mas\u00f3nico en Veracruz, pues existen museos en el extranjero abiertos al p\u00fablico, pero este ser\u00eda el primero en toda la rep\u00fablica mexicana, esta idea podr\u00eda quedar concluido a finales del a\u00f1o 2021.<\/p>\n\n\n\n<p>En este sitio, se pretende exponer las herramientas, los utensilios, estandartes y documentos hist\u00f3ricos con los cuales cuenta la instituci\u00f3n creada en 1885, entre los que destacan textos de Francisco I. Madero, Heriberto Jara Corona y evidentemente Benito Ju\u00e1rez, inform\u00f3 Jos\u00e9 Gabriel Ben\u00edtez Cabrera, Gran Maestro de la Gran Logia Unida Mexicana y de Libres y Aceptados Masones del Gran Oriente de Veracruz.<\/p>\n\n\n\n<p>\u201cQue yo tenga entendido, no. Todav\u00eda uno como tal no existe, tenemos el conocimiento que en Coatepec existe una librer\u00eda mas\u00f3nica, esa s\u00ed est\u00e1 funcionando y con exposici\u00f3n al p\u00fablico, pero no tengo conocimiento como tal, que exista un museo mas\u00f3nico en la Ciudad de M\u00e9xico o a nivel general\u201d, subray\u00f3.<\/p>\n\n\n\n<p>Este proyecto es uno de las propuestas que dio Ben\u00edtez Cabrera tras ser nombrado el pasado 27 de marzo como Gran Maestro; y se estima que en aproximadamente seis meses ya se pueda materializar.<\/p>\n\n\n\n<p>El sitio donde se podr\u00eda concretar el Museo, es la llamada Sala Esteba Morales, ubicada en la calle Ju\u00e1rez n\u00famero 59 en el Centro Hist\u00f3rico de Veracruz; espacio nombrado as\u00ed en honor a al profesor espa\u00f1ol y mas\u00f3n, Esteban Morales, quien fue pieza clave en la docencia en Veracruz.<\/p>\n\n\n\n<p>\u201cPor ejemplo, emitimos un libro con motivo de los 500 a\u00f1os de la fundaci\u00f3n del primer Cabildo de la ciudad de Veracruz, que se llama \u2018Veracruz cuna de la Masoner\u00eda en M\u00e9xico\u2019, en ese libro yo soy uno de los autores, junto con el hermano Ulises Torres Handal, ah\u00ed en ese libro tenemos por ejemplo, presentamos una carta hist\u00f3rica que le dirige el presidente Francisco I. Madero a la Gran Logia Unida Mexicana, con motivo de un aniversario luctuoso de Don Benito Ju\u00e1rez, y una carta firmada con su r\u00fabrica de el mismo, y hecha a m\u00e1quina del palad\u00edn de la democracia, Don Francisco I. Madero\u201d, culmin\u00f3.<br>\u00a0<\/p>\n","protected":false},"excerpt":{"rendered":"<p>Alejandro \u00c1vila Veracruz, Ver.- La Gran Logia Mas\u00f3nica inici\u00f3 el proyecto para crear el Museo Mas\u00f3nico en Veracruz, pues existen museos en el extranjero abiertos al p\u00fablico, pero este ser\u00eda el primero en toda la rep\u00fablica mexicana, esta idea podr\u00eda quedar concluido a finales del a\u00f1o 2021. En este sitio, se pretende exponer las herramientas, [&hellip;]<\/p>\n","protected":false},"author":1,"featured_media":13397,"comment_status":"open","ping_status":"open","sticky":false,"template":"","format":"standard","meta":{"_jetpack_memberships_contains_paid_content":false,"footnotes":""},"categories":[2],"tags":[],"class_list":["post-13396","post","type-post","status-publish","format-standard","has-post-thumbnail","hentry","category-estado"],"jetpack_featured_media_url":"https:\/\/encuentroinformativo.com.mx\/wp-content\/uploads\/2021\/04\/D55D0D26-8B25-46FC-987D-BDBAD79A6498.jpeg","jetpack_sharing_enabled":true,"jetpack_likes_enabled":true,"amp_enabled":true,"_links":{"self":[{"href":"https:\/\/encuentroinformativo.com.mx\/index.php?rest_route=\/wp\/v2\/posts\/13396","targetHints":{"allow":["GET"]}}],"collection":[{"href":"https:\/\/encuentroinformativo.com.mx\/index.php?rest_route=\/wp\/v2\/posts"}],"about":[{"href":"https:\/\/encuentroinformativo.com.mx\/index.php?rest_route=\/wp\/v2\/types\/post"}],"author":[{"embeddable":true,"href":"https:\/\/encuentroinformativo.com.mx\/index.php?rest_route=\/wp\/v2\/users\/1"}],"replies":[{"embeddable":true,"href":"https:\/\/encuentroinformativo.com.mx\/index.php?rest_route=%2Fwp%2Fv2%2Fcomments&post=13396"}],"version-history":[{"count":1,"href":"https:\/\/encuentroinformativo.com.mx\/index.php?rest_route=\/wp\/v2\/posts\/13396\/revisions"}],"predecessor-version":[{"id":13398,"href":"https:\/\/encuentroinformativo.com.mx\/index.php?rest_route=\/wp\/v2\/posts\/13396\/revisions\/13398"}],"wp:featuredmedia":[{"embeddable":true,"href":"https:\/\/encuentroinformativo.com.mx\/index.php?rest_route=\/wp\/v2\/media\/13397"}],"wp:attachment":[{"href":"https:\/\/encuentroinformativo.com.mx\/index.php?rest_route=%2Fwp%2Fv2%2Fmedia&parent=13396"}],"wp:term":[{"taxonomy":"category","embeddable":true,"href":"https:\/\/encuentroinformativo.com.mx\/index.php?rest_route=%2Fwp%2Fv2%2Fcategories&post=13396"},{"taxonomy":"post_tag","embeddable":true,"href":"https:\/\/encuentroinformativo.com.mx\/index.php?rest_route=%2Fwp%2Fv2%2Ftags&post=13396"}],"curies":[{"name":"wp","href":"https:\/\/api.w.org\/{rel}","templated":true}]}}