{"id":13399,"date":"2021-04-27T12:25:00","date_gmt":"2021-04-27T17:25:00","guid":{"rendered":"https:\/\/encuentroinformativo.com.mx\/?p=13399"},"modified":"2021-04-27T12:25:04","modified_gmt":"2021-04-27T17:25:04","slug":"podrian-reanudar-clases-presenciales-en-15-dias-en-veracruz","status":"publish","type":"post","link":"https:\/\/encuentroinformativo.com.mx\/?p=13399","title":{"rendered":"Podr\u00edan reanudar clases presenciales en 15 d\u00edas en Veracruz"},"content":{"rendered":"\n<p><strong>Dar\u00edo Pale<\/strong><\/p>\n\n\n\n<p>Xalapa, Ver.- Debido a que el personal docente de Veracruz ya fue vacunado, en 15 d\u00edas podr\u00edan regresar a clases presenciales, as\u00ed lo dio a conocer el\u00a0presidente de la Rep\u00fablica, Andr\u00e9s Manuel L\u00f3pez Obrador, en su tradicional conferencia ma\u00f1anera.<\/p>\n\n\n\n<p>Se\u00f1al\u00f3 que si se termina de vacunar a todo el personal el 11 de mayo, en todo el pa\u00eds, lo cual incluye a las escuelas particulares, se podr\u00e1 volver a las clases de manera presencial, igual que el estado de Campeche.<\/p>\n\n\n\n<p>&#8220;Si las encuestas particulares donde ya maestras, maestros y, todo el personal educativo fue vacunado, en 15 podr\u00edan regresar a clases como empezaron en Campeche, pero bajo las condiciones y protocolos que vamos a ver&#8221;, se\u00f1al\u00f3.<\/p>\n\n\n\n<p>Lo anterior fue al solicitar que transmitieran un v\u00eddeo sobre las recomendaciones para el regreso a clases en aquella entidad, ya que\u00a0dicho v\u00eddeo se hace alusi\u00f3n a que el regreso se har\u00e1 manteniendo medidas de higiene y de sana distancia para prevenir contagios.<\/p>\n\n\n\n<p>Por \u00faltimo coment\u00f3 que una de esas, es contar con comit\u00e9s participativos de salud escolar en donde sus integrantes participar\u00e1n en la limpieza de las \u00e1reas, se\u00f1alizaci\u00f3n de sana distancia para la comunidad educativa, entre otros.<\/p>\n","protected":false},"excerpt":{"rendered":"<p>Dar\u00edo Pale Xalapa, Ver.- Debido a que el personal docente de Veracruz ya fue vacunado, en 15 d\u00edas podr\u00edan regresar a clases presenciales, as\u00ed lo dio a conocer el\u00a0presidente de la Rep\u00fablica, Andr\u00e9s Manuel L\u00f3pez Obrador, en su tradicional conferencia ma\u00f1anera. Se\u00f1al\u00f3 que si se termina de vacunar a todo el personal el 11 de [&hellip;]<\/p>\n","protected":false},"author":1,"featured_media":13400,"comment_status":"open","ping_status":"open","sticky":false,"template":"","format":"standard","meta":{"_jetpack_memberships_contains_paid_content":false,"footnotes":""},"categories":[2],"tags":[],"class_list":["post-13399","post","type-post","status-publish","format-standard","has-post-thumbnail","hentry","category-estado"],"jetpack_featured_media_url":"https:\/\/encuentroinformativo.com.mx\/wp-content\/uploads\/2021\/04\/51D3409E-2E0A-4F6B-A4E7-61640D5AEB75.jpeg","jetpack_sharing_enabled":true,"jetpack_likes_enabled":true,"amp_enabled":true,"_links":{"self":[{"href":"https:\/\/encuentroinformativo.com.mx\/index.php?rest_route=\/wp\/v2\/posts\/13399","targetHints":{"allow":["GET"]}}],"collection":[{"href":"https:\/\/encuentroinformativo.com.mx\/index.php?rest_route=\/wp\/v2\/posts"}],"about":[{"href":"https:\/\/encuentroinformativo.com.mx\/index.php?rest_route=\/wp\/v2\/types\/post"}],"author":[{"embeddable":true,"href":"https:\/\/encuentroinformativo.com.mx\/index.php?rest_route=\/wp\/v2\/users\/1"}],"replies":[{"embeddable":true,"href":"https:\/\/encuentroinformativo.com.mx\/index.php?rest_route=%2Fwp%2Fv2%2Fcomments&post=13399"}],"version-history":[{"count":1,"href":"https:\/\/encuentroinformativo.com.mx\/index.php?rest_route=\/wp\/v2\/posts\/13399\/revisions"}],"predecessor-version":[{"id":13401,"href":"https:\/\/encuentroinformativo.com.mx\/index.php?rest_route=\/wp\/v2\/posts\/13399\/revisions\/13401"}],"wp:featuredmedia":[{"embeddable":true,"href":"https:\/\/encuentroinformativo.com.mx\/index.php?rest_route=\/wp\/v2\/media\/13400"}],"wp:attachment":[{"href":"https:\/\/encuentroinformativo.com.mx\/index.php?rest_route=%2Fwp%2Fv2%2Fmedia&parent=13399"}],"wp:term":[{"taxonomy":"category","embeddable":true,"href":"https:\/\/encuentroinformativo.com.mx\/index.php?rest_route=%2Fwp%2Fv2%2Fcategories&post=13399"},{"taxonomy":"post_tag","embeddable":true,"href":"https:\/\/encuentroinformativo.com.mx\/index.php?rest_route=%2Fwp%2Fv2%2Ftags&post=13399"}],"curies":[{"name":"wp","href":"https:\/\/api.w.org\/{rel}","templated":true}]}}