{"id":1340,"date":"2020-03-27T12:30:42","date_gmt":"2020-03-27T18:30:42","guid":{"rendered":"https:\/\/encuentroinformativo.com\/?p=1340"},"modified":"2020-03-27T12:30:47","modified_gmt":"2020-03-27T18:30:47","slug":"ahora-si-winckler-se-fue-a-la-goma","status":"publish","type":"post","link":"https:\/\/encuentroinformativo.com.mx\/?p=1340","title":{"rendered":"AHORA S\u00cd: WINCKLER SE FUE A LA GOMA"},"content":{"rendered":"\n<p><br> @pablojair<\/p>\n\n\n\n<ul class=\"wp-block-list\"><li>&#8220;No queremos un Michoac\u00e1n, un Tamaulipas, un Guerrero&#8221;: Grupo Carranza.<\/li><li>Detienen a la excomisionada presidenta del IVAI; \u00bfseguir\u00e1 Rubencito?<\/li><li>No han habido saqueos en Veracruz; puro choro de gente sinquehacer.<\/li><\/ul>\n\n\n\n<p>Pobres, pero inmunes, seg\u00fan el nene consentido.<br>\n&#8211;Chopenjawer<\/p>\n\n\n\n<p>Un total de 43 elementos de la Polic\u00eda Ministerial eran los encargados de cuidar al exfiscal general del estado, Jorge Winckler Ort\u00edz, a su esposa e hijos. Adem\u00e1s, contaba con 3 camionetas blindadas rentadas, dos para \u00e9l y una para su familia.<\/p>\n\n\n\n<p>Trece polic\u00edas eran los que cuidaban al exfiscal anticorrupci\u00f3n  Marcos Even Torres Zamudio (considerado el poder tras Winckler en la FGE) y a su familia. Ten\u00eda una camioneta rentada blindada y otras dos \u00faltimo modelo para \u00e9l y su familia.<\/p>\n\n\n\n<p>Varios de sus colaboradores (tanto de Winckler como de Torres) contaban de uno a cuatro polic\u00edas ministeriales cuid\u00e1ndolos.<\/p>\n\n\n\n<p>En total, seg\u00fan una fuente extraoficial, la tercera parte de la fuerza de la Polic\u00eda Ministerial estaban de ni\u00f1eras del fiscal general, del anticorrupci\u00f3n, sus respectivas familias, colaboradores, &#8220;amiguis&#8221; \u00edntimos y as\u00ed.<\/p>\n\n\n\n<p>Dentro de esos amiguis \u00edntimos hab\u00eda &#8220;winckleriodistas&#8221; que cobraban 18 mil pesos al mes como analistas administrativos, pero nunca se presentaron a trabajar. Incluso, uno de estos fue rescatado por Winckler luego de que fuera dado de baja del IVEC donde cobraba 40 mil pesos al mes en el gobierno yunerasta. De lo anterior, ya se investiga minuciosamente.<\/p>\n\n\n\n<p>Eso con respecto a uno de los tantos excesos del defenestrado Winckler. La otra parte es la pat\u00e9tica vanidad del segundo fiscal en la historia de Veracruz.<\/p>\n\n\n\n<p>Resulta que la empresa encargada de hacer las transmisiones en redes sociales de Jorge Winckler, ten\u00eda la instrucci\u00f3n de realizar tomas para hacerlo ver m\u00e1s alto (el vato es chaparrito) y con apariencia de gal\u00e1n de Televisa, de esos como los que aparentan ser muy machines\u2026<\/p>\n\n\n\n<p>En las fotos de sus eventos de igual forma se ten\u00eda la instrucci\u00f3n de &#8220;hacerlo ver guapo&#8221;.<\/p>\n\n\n\n<p>Tan afecto es al culto a su personalidad, que pod\u00eda v\u00e9rsele por todos lados, en todas las oficinas y escritorios de empleados de la Fiscal\u00eda General del Estado, porque hab\u00eda fotos, retratos y hasta figuras de almid\u00f3n en todos los rincones disponibles. Su baja autoestima o complejo de inferioridad se proyectaba en dichas im\u00e1genes para que lo adoraran como a un santo.<\/p>\n\n\n\n<p>Pero al abogado hoy pr\u00f3fugo de la justicia veracruzana tambi\u00e9n se le han descubierto otras lindezas dentro de su corta gesti\u00f3n al frente de la FGE: hay evidencia de que manipul\u00f3 las cifras de delitos como feminicidio y secuestro durante la era yunerasta. En casos evidentes como feminicidios, los catalog\u00f3 como homicidios dolosos; mientras que los secuestros los manej\u00f3 como privaci\u00f3n ilegal de la libertad, para aparentar cifras bajas.<\/p>\n\n\n\n<p>Hoy tambi\u00e9n se sabe que lleg\u00f3 a acuerdos con el ex secretario de Seguridad P\u00fablica, Arturo Berm\u00fadez, para que una vez concluida la administraci\u00f3n yunerasta pudiera quedar en libertad, pues su carpeta desde el principio fue integrada con errores para tener la posibilidad de poder dejarlo libre en tiempos de la Cuarta Transformaci\u00f3n.<\/p>\n\n\n\n<p>De hecho, todas las prisiones preventivas fueron calculadas precisamente para que terminaran ya una vez que el exgobernador Yunes Linares (patr\u00f3n de Winckler) estuviera fuera del poder y, en caso de que ganara MORENA la gubernatura &#8211;como finalmente ocurri\u00f3&#8211; los exfuncionarios Duartistas detenidos salieran libres. En caso de haber ganado &#8220;Miguel Chiquito&#8221; &#8211;como no ocurri\u00f3&#8211; seguramente les hubiesen dictado sentencia o alargado su estancia en la c\u00e1rcel.<\/p>\n\n\n\n<p>Este jueves, en el Congreso del Estado, finalmente le dieron &#8220;cuello&#8221; a Winckler Ortiz, acuerdo que fue respaldado por 33 legisladores de los diferentes partidos pol\u00edticos. Queda ya formalmente separado del cargo y si regresa a la FGE, ser\u00e1 en calidad de presentado, detenido o vinculado a proceso.<\/p>\n\n\n\n<p>Hoy nadie sabe d\u00f3nde anda Winckler. Unos dicen que en Puebla, otros que en el &#8220;gabacho&#8221;, que en Canad\u00e1 o hasta en Europa, donde viven su patr\u00f3n Miguel y su hijo &#8220;Miguel Chiquito&#8221; (a ver si no le cae el moco del COVID19); otros dicen que agarr\u00f3 el mismo rumbo que Duarte: rumbo a Centroam\u00e9rica, que es la frontera m\u00e1s f\u00e1cil por donde escapar sin ser detectado.<\/p>\n\n\n\n<p>Lo que s\u00ed es un hecho, es que anda a salta de mata, escondido por el resto de su vida o hasta que se entregue o lo apa\u00f1en.<\/p>\n\n\n\n<p><strong>NOTA PARA PEGAR EN EL REFRI: <\/strong>Nos escribe el buen Isaac Velasco desde el sur de Veracruz &#8211;hijo del poderoso ganadero Jacob Abel Velasco Casarrubias, uno de los l\u00edderes del Grupo Carranza&#8211; y publicamos entero su texto porque le asiste la raz\u00f3n: &#8220;El \u00fanico fin, al menos de los grupos que se encuentran debidamente organizados y bajo lineamientos de NADA IL\u00cdCITO, todo dentro de la ley, donde para pertenecer tienen que demostrar ser gente de trabajo, y seguir lineamientos, las caravanas buscan que el gobierno act\u00fae y fije sus ojos y detenga todo lo que estamos viviendo en el sur de Veracruz: cobros de piso, extorsiones, secuestros, cobro a los transportistas de autobuses y de carga de $200.00 por acarreo, robo de veh\u00edculos a autotransporte, y algunos otros temas que han lacerado la econom\u00eda y paz de la zona sur de Veracruz. Sabemos que es un mal nacional y no de hoy sino de a\u00f1os, pero desafortunadamente el gobierno est\u00e1 pasivo, m\u00e1s bien inactivo en el tema de seguridad, es triste como ciudadano ver c\u00f3mo laceran la econom\u00eda de los comerciantes; Coatzacoalcos es una ciudad perdida, una ciudad fantasma comercialmente hablando, Minatitl\u00e1n igual; Acayucan va en decadencia; lo m\u00e1s triste es que las autoridades saben perfectamente lo que sucede y tienen los datos y nombres de todos los que hacen da\u00f1o a la sociedad; y el \u00fanico fin de las personas que participan y que se trasladan desde comunidades y de la mismas ciudades es que el gobierno act\u00fae; las caravanas y los grupos no buscan suplir a la autoridad, al contrario se han originado porque la autoridad no ha realizado su labor, y se han tenido que agrupar para defenderse, para proteger a las FAMILIAS, que es lo que cualquier padre de familia tiene de un valor incalculable\u2026 Cuando tocan a la familia la sangre hierve, sientes que el mundo se te viene encima y dices: &#8216;\u00bfpor qu\u00e9 nunca he hecho nada para que esto no suceda?&#8217;, y piensas: &#8216;ellos s\u00ed pueden lastimar  a las familias sin importar nada bajo el amparo de las autoridades y \u00bfyo no puedo defenderme?&#8217;\u2026 Si ellos se agrupan para golpear familias \u00bfpor qu\u00e9 no podemos agruparnos para defendernos? \u00bfTenemos que agachar la cabeza?\u2026 Y de ah\u00ed han surgido muchos grupos en pro de la familia; hay que reconocer que no todos los grupos siguen esa finalidad eso es cierto, pero est\u00e1n identificados y esos grupos no participan en las caravanas. Recalcar que el \u00fanico fin es que el gobierno tome acciones que acabe con esta inseguridad que est\u00e1 creciendo, no queremos un Michoacan, un Tamaulipas, un Guerrero; donde dejaron crecer la delincuencia y ahora todos viven con el pie en el pescuezo&#8221;.<\/p>\n\n\n\n<p><strong>OTRA NOTA: <\/strong>Polic\u00edas ministeriales adscritos a la Fiscal\u00eda Especializada en Combate a la Corrupci\u00f3n, cumplimentaron una orden de aprehensi\u00f3n en contra de la ex comisionada del IVAI, Yoli &#8220;N&#8221; por presuntamente ser part\u00edcipe de delitos por hechos de corrupci\u00f3n, lo anterior se realiz\u00f3 durante la tarde en calles c\u00e9ntricas de la ciudad de Xalapa. De inmediato fue presentada ante la comandancia de la Polic\u00eda Ministerial para realizar el parte y la valoraci\u00f3n m\u00e9dica, para ser trasladada a los juzgados de Pacho Viejo, donde se llev\u00f3 a cabo la audiencia inicial. El 1 de abril ser\u00e1 la audiencia de vinculaci\u00f3n a proceso\u2026 A quien le debe estar sudando el tafanario debe ser a Rubencito, el actual presidente.<\/p>\n\n\n\n<p><strong>LA \u00daLTIMA PORQUE ESTUVO MOVIDO EL D\u00cdA EN TEMAS POLICIACOS: <\/strong>En Veracruz hasta el momento no se han presentado saqueos a comercios como s\u00ed ocurrieron en la pasada administraci\u00f3n yunerasta o los que han ocurrido en el Estado de M\u00e9xico o en la CDMX. El mismo secretario de Seguridad P\u00fablica, Hugo Guti\u00e9rrez Maldonado, desminti\u00f3 que existan saqueos en la entidad y atribuy\u00f3 lo anterior a gente sin quehacer, que no hace nada productivo, que anda convocando o dando ideas en redes sociales, invitando a la gente a cometer un delito (que podr\u00eda tener de 3 a 14 a\u00f1os de c\u00e1rcel). Pidi\u00f3 a la poblaci\u00f3n que no entre en p\u00e1nico, pero adem\u00e1s revel\u00f3 que la Polic\u00eda Cibern\u00e9tica de la SSP ya est\u00e1 elaborando los perfiles y expedientes de dichas alima\u00f1as para ser imputados y vinculados.<\/p>\n\n\n\n<p><strong> @pablojair<\/strong><\/p>\n","protected":false},"excerpt":{"rendered":"<p>@pablojair &#8220;No queremos un Michoac\u00e1n, un Tamaulipas, un Guerrero&#8221;: Grupo Carranza. Detienen a la excomisionada presidenta del IVAI; \u00bfseguir\u00e1 Rubencito? No han habido saqueos en Veracruz; puro choro de gente sinquehacer. Pobres, pero inmunes, seg\u00fan el nene consentido. &#8211;Chopenjawer Un total de 43 elementos de la Polic\u00eda Ministerial eran los encargados de cuidar al exfiscal [&hellip;]<\/p>\n","protected":false},"author":1,"featured_media":387,"comment_status":"open","ping_status":"open","sticky":false,"template":"","format":"standard","meta":{"_jetpack_memberships_contains_paid_content":false,"footnotes":""},"categories":[11],"tags":[],"class_list":["post-1340","post","type-post","status-publish","format-standard","has-post-thumbnail","hentry","category-opinion"],"jetpack_featured_media_url":"https:\/\/encuentroinformativo.com.mx\/wp-content\/uploads\/2020\/03\/7CF8A22B-2764-47BE-8F7F-38FE9E5D6A2F.jpeg","jetpack_sharing_enabled":true,"jetpack_likes_enabled":true,"amp_enabled":true,"_links":{"self":[{"href":"https:\/\/encuentroinformativo.com.mx\/index.php?rest_route=\/wp\/v2\/posts\/1340","targetHints":{"allow":["GET"]}}],"collection":[{"href":"https:\/\/encuentroinformativo.com.mx\/index.php?rest_route=\/wp\/v2\/posts"}],"about":[{"href":"https:\/\/encuentroinformativo.com.mx\/index.php?rest_route=\/wp\/v2\/types\/post"}],"author":[{"embeddable":true,"href":"https:\/\/encuentroinformativo.com.mx\/index.php?rest_route=\/wp\/v2\/users\/1"}],"replies":[{"embeddable":true,"href":"https:\/\/encuentroinformativo.com.mx\/index.php?rest_route=%2Fwp%2Fv2%2Fcomments&post=1340"}],"version-history":[{"count":1,"href":"https:\/\/encuentroinformativo.com.mx\/index.php?rest_route=\/wp\/v2\/posts\/1340\/revisions"}],"predecessor-version":[{"id":1341,"href":"https:\/\/encuentroinformativo.com.mx\/index.php?rest_route=\/wp\/v2\/posts\/1340\/revisions\/1341"}],"wp:featuredmedia":[{"embeddable":true,"href":"https:\/\/encuentroinformativo.com.mx\/index.php?rest_route=\/wp\/v2\/media\/387"}],"wp:attachment":[{"href":"https:\/\/encuentroinformativo.com.mx\/index.php?rest_route=%2Fwp%2Fv2%2Fmedia&parent=1340"}],"wp:term":[{"taxonomy":"category","embeddable":true,"href":"https:\/\/encuentroinformativo.com.mx\/index.php?rest_route=%2Fwp%2Fv2%2Fcategories&post=1340"},{"taxonomy":"post_tag","embeddable":true,"href":"https:\/\/encuentroinformativo.com.mx\/index.php?rest_route=%2Fwp%2Fv2%2Ftags&post=1340"}],"curies":[{"name":"wp","href":"https:\/\/api.w.org\/{rel}","templated":true}]}}