{"id":13403,"date":"2021-04-27T12:52:50","date_gmt":"2021-04-27T17:52:50","guid":{"rendered":"https:\/\/encuentroinformativo.com.mx\/?p=13403"},"modified":"2021-04-27T12:52:54","modified_gmt":"2021-04-27T17:52:54","slug":"por-retorno-a-clases-realizan-limpieza-en-escuelas","status":"publish","type":"post","link":"https:\/\/encuentroinformativo.com.mx\/?p=13403","title":{"rendered":"Por retorno a clases, realizan limpieza en escuelas"},"content":{"rendered":"\n<p><strong>Juan Arcos<\/strong><\/p>\n\n\n\n<p>Xalapa, Ver.- Escuelas del Centro Hist\u00f3rico de Xalapa comenzaron jornadas de limpieza ante el posible regreso a clases presenciales, debido al avance en la vacunaci\u00f3n contra el SARS-COV-2 (COVID-19).\u00a0<\/p>\n\n\n\n<p>Lo anterior fue notorio en el plantel de la escuela primaria \u201cEnrique C. Rebsamen\u201d, ubicada sobre la calle Guti\u00e9rrez Zamora, a tres cuadras de Palacio de Gobierno.<\/p>\n\n\n\n<p>La directora del turno matutino, Elo\u00edsa Constantino Morales, indic\u00f3 que aunque los docentes a\u00fan no reciben instrucciones precisas para el retorno a las aulas, es necesario mantener en buenas condiciones los espacios educativos.<\/p>\n\n\n\n<p>\u201cAhorita estamos haciendo una limpieza profunda prepar\u00e1ndonos para el regreso a clases, la escuela tiene que estar lista para un regreso, ya sea en mayo o en agosto\u201d.<\/p>\n\n\n\n<p>El personal de intendencia, con apoyo de madres y padres de familia, limpiaron los salones, la explanada, los pasillos, la escalinata de la entrada principal y otros espacios.<\/p>\n\n\n\n<p>La acad\u00e9mica record\u00f3 que el personal administrativo, educativo y de intendencia ya fue vacunado contra el coronavirus y, por ello, se encuentran listos para recibir a los estudiantes.<\/p>\n\n\n\n<p>Constantino Morales record\u00f3 que las mam\u00e1s y pap\u00e1s decidir\u00e1n si sus hijos regresan a las aulas o contin\u00faan en clases en l\u00ednea.<\/p>\n\n\n\n<p>La Directora record\u00f3 que el regreso a clases presenciales podr\u00eda darse en agosto, con el inicio del nuevo ciclo escolar; sin embargo, resalt\u00f3 que la Secretar\u00eda de Educaci\u00f3n de Veracruz (SEV) no ha dado a conocer el mecanismo que ser\u00e1 aplicado para garantizar la salud de toda la comunidad acad\u00e9mica.<\/p>\n","protected":false},"excerpt":{"rendered":"<p>Juan Arcos Xalapa, Ver.- Escuelas del Centro Hist\u00f3rico de Xalapa comenzaron jornadas de limpieza ante el posible regreso a clases presenciales, debido al avance en la vacunaci\u00f3n contra el SARS-COV-2 (COVID-19).\u00a0 Lo anterior fue notorio en el plantel de la escuela primaria \u201cEnrique C. Rebsamen\u201d, ubicada sobre la calle Guti\u00e9rrez Zamora, a tres cuadras de [&hellip;]<\/p>\n","protected":false},"author":1,"featured_media":13404,"comment_status":"open","ping_status":"open","sticky":false,"template":"","format":"standard","meta":{"_jetpack_memberships_contains_paid_content":false,"footnotes":""},"categories":[3],"tags":[],"class_list":["post-13403","post","type-post","status-publish","format-standard","has-post-thumbnail","hentry","category-xalapa"],"jetpack_featured_media_url":"https:\/\/encuentroinformativo.com.mx\/wp-content\/uploads\/2021\/04\/67C45792-D171-4B4F-BEDE-347602AF2955.jpeg","jetpack_sharing_enabled":true,"jetpack_likes_enabled":true,"amp_enabled":true,"_links":{"self":[{"href":"https:\/\/encuentroinformativo.com.mx\/index.php?rest_route=\/wp\/v2\/posts\/13403","targetHints":{"allow":["GET"]}}],"collection":[{"href":"https:\/\/encuentroinformativo.com.mx\/index.php?rest_route=\/wp\/v2\/posts"}],"about":[{"href":"https:\/\/encuentroinformativo.com.mx\/index.php?rest_route=\/wp\/v2\/types\/post"}],"author":[{"embeddable":true,"href":"https:\/\/encuentroinformativo.com.mx\/index.php?rest_route=\/wp\/v2\/users\/1"}],"replies":[{"embeddable":true,"href":"https:\/\/encuentroinformativo.com.mx\/index.php?rest_route=%2Fwp%2Fv2%2Fcomments&post=13403"}],"version-history":[{"count":1,"href":"https:\/\/encuentroinformativo.com.mx\/index.php?rest_route=\/wp\/v2\/posts\/13403\/revisions"}],"predecessor-version":[{"id":13405,"href":"https:\/\/encuentroinformativo.com.mx\/index.php?rest_route=\/wp\/v2\/posts\/13403\/revisions\/13405"}],"wp:featuredmedia":[{"embeddable":true,"href":"https:\/\/encuentroinformativo.com.mx\/index.php?rest_route=\/wp\/v2\/media\/13404"}],"wp:attachment":[{"href":"https:\/\/encuentroinformativo.com.mx\/index.php?rest_route=%2Fwp%2Fv2%2Fmedia&parent=13403"}],"wp:term":[{"taxonomy":"category","embeddable":true,"href":"https:\/\/encuentroinformativo.com.mx\/index.php?rest_route=%2Fwp%2Fv2%2Fcategories&post=13403"},{"taxonomy":"post_tag","embeddable":true,"href":"https:\/\/encuentroinformativo.com.mx\/index.php?rest_route=%2Fwp%2Fv2%2Ftags&post=13403"}],"curies":[{"name":"wp","href":"https:\/\/api.w.org\/{rel}","templated":true}]}}