{"id":13409,"date":"2021-04-27T15:35:28","date_gmt":"2021-04-27T20:35:28","guid":{"rendered":"https:\/\/encuentroinformativo.com.mx\/?p=13409"},"modified":"2021-04-27T15:35:32","modified_gmt":"2021-04-27T20:35:32","slug":"uv-debe-regresar-a-clases-hasta-proximo-ciclo-escolar-fesapauv","status":"publish","type":"post","link":"https:\/\/encuentroinformativo.com.mx\/?p=13409","title":{"rendered":"UV debe regresar a clases hasta pr\u00f3ximo ciclo escolar: FESAPAUV"},"content":{"rendered":"\n<p><strong>Dar\u00edo Pale<\/strong><\/p>\n\n\n\n<p>Xalapa, Ver.- En la m\u00e1xima casa de estudios se prev\u00e9\u00a0regresar a clases hasta el pr\u00f3ximo ciclo escolar, es decir por all\u00e1 del mes de agosto as\u00ed lo dio a conocer el\u00a0secretario general del Sindicato Estatal de Personal Acad\u00e9mico de la Universidad Veracruzana, Enrique Levet Gorozpe.<\/p>\n\n\n\n<p>Entrevistado referente a los comentarios que realiz\u00f3\u00a0el presidente Andr\u00e9s Manuel L\u00f3pez Obrador en el sentido de que Veracruz podr\u00eda regresar en 15 d\u00edas a clases presenciales, expuso que la UV se apegar\u00e1 a los sem\u00e1foros epidemiol\u00f3gicos.<\/p>\n\n\n\n<p>&#8220;A\u00fan en agosto que comienza el pr\u00f3ximo per\u00edodo y que est\u00e1 previendo la Universidad el regreso a clases, todav\u00eda habr\u00eda que ver qu\u00e9 pasa con la semaforizaci\u00f3n del Estado en t\u00e9rminos de la pandemia, habr\u00eda que esperarse a que se dieran los tiempos y las condiciones para regresar a clases&#8221;, se\u00f1al\u00f3.<\/p>\n\n\n\n<p>Levet Gorozpe consider\u00f3 que deber\u00eda haber una sanitizaci\u00f3n de todas las \u00e1reas y entidades, edificios, instalaciones de la Universidad, adem\u00e1s de tomar todas las medidas sanitarias.<\/p>\n\n\n\n<p>Sostuvo que los compa\u00f1eros acad\u00e9micos s\u00ed quieren regresar a clases, una gran mayor\u00eda est\u00e1 de acuerdo, pero recalc\u00f3 que se deben ver las condiciones.<\/p>\n","protected":false},"excerpt":{"rendered":"<p>Dar\u00edo Pale Xalapa, Ver.- En la m\u00e1xima casa de estudios se prev\u00e9\u00a0regresar a clases hasta el pr\u00f3ximo ciclo escolar, es decir por all\u00e1 del mes de agosto as\u00ed lo dio a conocer el\u00a0secretario general del Sindicato Estatal de Personal Acad\u00e9mico de la Universidad Veracruzana, Enrique Levet Gorozpe. Entrevistado referente a los comentarios que realiz\u00f3\u00a0el presidente [&hellip;]<\/p>\n","protected":false},"author":1,"featured_media":13410,"comment_status":"open","ping_status":"open","sticky":false,"template":"","format":"standard","meta":{"_jetpack_memberships_contains_paid_content":false,"footnotes":""},"categories":[3],"tags":[],"class_list":["post-13409","post","type-post","status-publish","format-standard","has-post-thumbnail","hentry","category-xalapa"],"jetpack_featured_media_url":"https:\/\/encuentroinformativo.com.mx\/wp-content\/uploads\/2021\/04\/08FE6F51-6FF9-4410-89E9-61788B721F62.jpeg","jetpack_sharing_enabled":true,"jetpack_likes_enabled":true,"amp_enabled":true,"_links":{"self":[{"href":"https:\/\/encuentroinformativo.com.mx\/index.php?rest_route=\/wp\/v2\/posts\/13409","targetHints":{"allow":["GET"]}}],"collection":[{"href":"https:\/\/encuentroinformativo.com.mx\/index.php?rest_route=\/wp\/v2\/posts"}],"about":[{"href":"https:\/\/encuentroinformativo.com.mx\/index.php?rest_route=\/wp\/v2\/types\/post"}],"author":[{"embeddable":true,"href":"https:\/\/encuentroinformativo.com.mx\/index.php?rest_route=\/wp\/v2\/users\/1"}],"replies":[{"embeddable":true,"href":"https:\/\/encuentroinformativo.com.mx\/index.php?rest_route=%2Fwp%2Fv2%2Fcomments&post=13409"}],"version-history":[{"count":1,"href":"https:\/\/encuentroinformativo.com.mx\/index.php?rest_route=\/wp\/v2\/posts\/13409\/revisions"}],"predecessor-version":[{"id":13411,"href":"https:\/\/encuentroinformativo.com.mx\/index.php?rest_route=\/wp\/v2\/posts\/13409\/revisions\/13411"}],"wp:featuredmedia":[{"embeddable":true,"href":"https:\/\/encuentroinformativo.com.mx\/index.php?rest_route=\/wp\/v2\/media\/13410"}],"wp:attachment":[{"href":"https:\/\/encuentroinformativo.com.mx\/index.php?rest_route=%2Fwp%2Fv2%2Fmedia&parent=13409"}],"wp:term":[{"taxonomy":"category","embeddable":true,"href":"https:\/\/encuentroinformativo.com.mx\/index.php?rest_route=%2Fwp%2Fv2%2Fcategories&post=13409"},{"taxonomy":"post_tag","embeddable":true,"href":"https:\/\/encuentroinformativo.com.mx\/index.php?rest_route=%2Fwp%2Fv2%2Ftags&post=13409"}],"curies":[{"name":"wp","href":"https:\/\/api.w.org\/{rel}","templated":true}]}}