{"id":13415,"date":"2021-04-27T16:14:59","date_gmt":"2021-04-27T21:14:59","guid":{"rendered":"https:\/\/encuentroinformativo.com.mx\/?p=13415"},"modified":"2021-04-27T16:15:03","modified_gmt":"2021-04-27T21:15:03","slug":"vigentes-4-proyectos-mineros-acusan-ambientalistas","status":"publish","type":"post","link":"https:\/\/encuentroinformativo.com.mx\/?p=13415","title":{"rendered":"Vigentes 4 proyectos mineros, acusan ambientalistas"},"content":{"rendered":"\n<p><strong>Juan Arcos<\/strong><\/p>\n\n\n\n<p>Xalapa, Ver.- Ambientalistas denunciaron que el 3 por ciento del territorio veracruzano fue concesionado para trabajos de miner\u00eda a cielo abierto, los cuales ocasionan deforestaci\u00f3n y escasez o contaminaci\u00f3n del agua.<\/p>\n\n\n\n<p>De acuerdo con Emilio Rodr\u00edguez Almaz\u00e1n, integrante de La Asamblea Veracruzana de Iniciativas y Defensa Ambiental (Lavida), actualmente hay cuatro proyectos mineros para la extracci\u00f3n de cobre, plata y oro.<\/p>\n\n\n\n<p>Los trabajos de exploraci\u00f3n han sido notorios en los municipios de Actopan y Alto Lucero; sin embargo, podr\u00edan iniciarse los trabajos tambi\u00e9n en Tatatila y Las Minas.<\/p>\n\n\n\n<p>\u201cEl tres por ciento de la superficie estatal est\u00e1 concesionada a la actividad minera. De ese tres por ciento, los proyectos son cuatro que est\u00e1n avanzados y est\u00e1n justo en esta regi\u00f3n, en Las Minas, Tatatila, Actopan y Alto Lucero. Entonces, todo el eje neovolc\u00e1nico transversal que llega hasta el Golfo de M\u00e9xico est\u00e1 mineralizado\u201d.<\/p>\n\n\n\n<p>Dos empresas iniciaron sus estudios de impacto ambiental para la explotaci\u00f3n minera de los proyectos de Las Minas y Tatatila, los cuales llevan el mismo nombre de cada municipio.<\/p>\n\n\n\n<p>\u201cEst\u00e1n ya por ingresar sus estudios de impacto ambiental para la explotaci\u00f3n minera. Entonces nosotros estamos muy preocupados, informando en toda esta regi\u00f3n\u201d, comenta en el municipio de Naolinco.<\/p>\n\n\n\n<p>Mientras que en Actopan contin\u00faa el proyecto Caballo Blanco, ahora La Paila, donde buscan extraer oro y plata y, en el municipio de Alto Lucero, sigue vigente el proyecto minero \u201cEl Cobre\u201d.<\/p>\n\n\n\n<p>El activista menciona que el Servicio Geol\u00f3gico Minero actualiza sus datos constantemente y hay referencias de concesiones mineras en la Sierra de Chiconquiaco, Naolinco y la regi\u00f3n central monta\u00f1osa.<\/p>\n\n\n\n<p>\u201cPara nosotros en importante avanzar en este tema del movimiento, que nos quede claro en la entidad veracruzana, que no es de vocaci\u00f3n minera, como oro, plata y cobre, que la vocaci\u00f3n minera en Veracruz es la pesca y la ganader\u00eda\u201d.<\/p>\n\n\n\n<p>Rodr\u00edguez Almaz\u00e1n record\u00f3 que el movimiento de resistencia anti minera en el estado de Veracruz, para defender al entorno ecol\u00f3gico de los da\u00f1os irreversibles que esta actividad ocasiona.<\/p>\n","protected":false},"excerpt":{"rendered":"<p>Juan Arcos Xalapa, Ver.- Ambientalistas denunciaron que el 3 por ciento del territorio veracruzano fue concesionado para trabajos de miner\u00eda a cielo abierto, los cuales ocasionan deforestaci\u00f3n y escasez o contaminaci\u00f3n del agua. De acuerdo con Emilio Rodr\u00edguez Almaz\u00e1n, integrante de La Asamblea Veracruzana de Iniciativas y Defensa Ambiental (Lavida), actualmente hay cuatro proyectos mineros [&hellip;]<\/p>\n","protected":false},"author":1,"featured_media":13417,"comment_status":"open","ping_status":"open","sticky":false,"template":"","format":"standard","meta":{"_jetpack_memberships_contains_paid_content":false,"footnotes":""},"categories":[8],"tags":[],"class_list":["post-13415","post","type-post","status-publish","format-standard","has-post-thumbnail","hentry","category-region"],"jetpack_featured_media_url":"https:\/\/encuentroinformativo.com.mx\/wp-content\/uploads\/2021\/04\/F916335B-BA6A-4A55-B91C-39CBDC9BD9EF.jpeg","jetpack_sharing_enabled":true,"jetpack_likes_enabled":true,"amp_enabled":true,"_links":{"self":[{"href":"https:\/\/encuentroinformativo.com.mx\/index.php?rest_route=\/wp\/v2\/posts\/13415","targetHints":{"allow":["GET"]}}],"collection":[{"href":"https:\/\/encuentroinformativo.com.mx\/index.php?rest_route=\/wp\/v2\/posts"}],"about":[{"href":"https:\/\/encuentroinformativo.com.mx\/index.php?rest_route=\/wp\/v2\/types\/post"}],"author":[{"embeddable":true,"href":"https:\/\/encuentroinformativo.com.mx\/index.php?rest_route=\/wp\/v2\/users\/1"}],"replies":[{"embeddable":true,"href":"https:\/\/encuentroinformativo.com.mx\/index.php?rest_route=%2Fwp%2Fv2%2Fcomments&post=13415"}],"version-history":[{"count":1,"href":"https:\/\/encuentroinformativo.com.mx\/index.php?rest_route=\/wp\/v2\/posts\/13415\/revisions"}],"predecessor-version":[{"id":13418,"href":"https:\/\/encuentroinformativo.com.mx\/index.php?rest_route=\/wp\/v2\/posts\/13415\/revisions\/13418"}],"wp:featuredmedia":[{"embeddable":true,"href":"https:\/\/encuentroinformativo.com.mx\/index.php?rest_route=\/wp\/v2\/media\/13417"}],"wp:attachment":[{"href":"https:\/\/encuentroinformativo.com.mx\/index.php?rest_route=%2Fwp%2Fv2%2Fmedia&parent=13415"}],"wp:term":[{"taxonomy":"category","embeddable":true,"href":"https:\/\/encuentroinformativo.com.mx\/index.php?rest_route=%2Fwp%2Fv2%2Fcategories&post=13415"},{"taxonomy":"post_tag","embeddable":true,"href":"https:\/\/encuentroinformativo.com.mx\/index.php?rest_route=%2Fwp%2Fv2%2Ftags&post=13415"}],"curies":[{"name":"wp","href":"https:\/\/api.w.org\/{rel}","templated":true}]}}