{"id":13420,"date":"2021-04-27T16:38:31","date_gmt":"2021-04-27T21:38:31","guid":{"rendered":"https:\/\/encuentroinformativo.com.mx\/?p=13420"},"modified":"2021-04-27T16:38:35","modified_gmt":"2021-04-27T21:38:35","slug":"fiscalia-nos-entrego-restos-equivocados-familiares-de-desaparecidos","status":"publish","type":"post","link":"https:\/\/encuentroinformativo.com.mx\/?p=13420","title":{"rendered":"Fiscal\u00eda nos entreg\u00f3 restos equivocados: Familiares de desaparecidos"},"content":{"rendered":"\n<p><strong>Dar\u00edo Pale<\/strong><\/p>\n\n\n\n<p>Xalapa, Ver.- El se\u00f1or Marcos Josafat Grajeda Hern\u00e1ndez padre de familia de uno de los dos j\u00f3venes que fueron desaparecidos en Julio del 2016 de nombre\u00a0Baruch Grajeda Garc\u00eda y Francisco Javier Vargas Garc\u00eda, denunciaron que la Fiscal\u00eda General del Estado (FGE) les quiere entregar restos humanos que no corresponden a los de sus hijos, excepto por el cr\u00e1neo de ambos.<\/p>\n\n\n\n<p>En conferencia de prensa realizada en las escalinatas de conocido caf\u00e9 del centro de Xalapa se\u00f1al\u00f3 que,\u00a0&#8220;nos quer\u00edan entregar nuestra bolsita de basura, pero no la recibimos, fue a la salida del licenciado Yunes, nos quer\u00edan entregar as\u00ed, para cerrar el caso. Hoy fue el resultado de los laboratorios externos&#8221;.<\/p>\n\n\n\n<p>Dio a conocer que los an\u00e1lisis que se hicieron de ADN por parte de la Divisi\u00f3n Cient\u00edfica de la Polic\u00eda Federal, resultaron positivos, pero al repetirlos por parte del Equipo Mexicano de Antropolog\u00eda Forense, los resultados fueron negativos.<\/p>\n\n\n\n<p>&#8220;La Fiscal\u00eda del Estado nos quiere entregar restos que no son de nuestros hijos. Lo \u00fanico que est\u00e1 positivo es el cr\u00e1neo, lo dem\u00e1s, el cuerpo es ajeno, de otras personas, as\u00ed lo especifica el Equipo Mexicano de Antropolog\u00eda Forense&#8221;, acus\u00f3.<\/p>\n\n\n\n<p>Las familias Vargas Garc\u00eda y Grajeda Garc\u00eda, expresaron que es &#8220;indignante&#8221; y &#8220;revictimizante&#8221; que la Fiscal\u00eda les quiera entregar restos de otras personas y no los de sus hijos, por lo que record\u00f3 que en el 2017, el exfiscal Jorge Winckler quer\u00eda entregarles dichos restos, pero no aceptaron debido a que hab\u00eda muchas irregularidades.<\/p>\n\n\n\n<p>Refiri\u00f3 que Winckler anunci\u00f3 en conferencia de prensa que se hab\u00edan encontrados restos humanos en el predio El Arbolillo, municipio de Alvarado, mismos que correspond\u00edan a una familia de Quer\u00e9taro y tambi\u00e9n los de su hijo Baruch Grajeda Garc\u00eda, sin embargo, no se hab\u00edan hecho estudios gen\u00e9ticos, pero el ahora pr\u00f3fugo de la justicia hizo dicho anuncio \u00fanicamente porque localizaron credenciales del INE.<\/p>\n\n\n\n<p>Marcos Josafat Grajeda Hern\u00e1ndez inform\u00f3 que el Equipo Mexicano de Antropolog\u00eda Forense entreg\u00f3 sus resultados a la FGE y les indic\u00f3 que no correspond\u00edan a los restos de sus hijos.<\/p>\n\n\n\n<p>&#8220;Es una aberraci\u00f3n lo que hicieron, revolver huesos, revolver restos de Arbolillo, hablando espec\u00edficamente de Arbolillo, entregando restos que no corresponden a los familiares. Es por eso que hacemos p\u00fablica esta denuncia, hacemos un llamado a todos los colectivos de personas desaparecidas, especialmente a los que tienen familiares en Arbolillo, Alvarado, para que tengan cuidado de los que les van a entregar o de lo que ya les entregaron, porque ah\u00ed s\u00ed hubo un mal manejo en la separaci\u00f3n de los restos \u00f3seos que estuvieron sacando por parte de la Fiscal\u00eda General del Estado que se ocup\u00f3 de extraer los restos de Arbolillo&#8221;, recrimin\u00f3.<\/p>\n\n\n\n<p>El padre de Baruch Grajeda record\u00f3 que 11 de julio de 2016 supuestos\u00a0 polic\u00edas federales entraron a su domicilio en el puerto de Veracruz y se llevaron a Francisco Javier y a Baruch, y desde ese d\u00eda solo tienen &#8220;puras teor\u00edas&#8221; de que est\u00e1n en Arbolillo, pero lo \u00fanico que hallaron fue la credencial de elector y los dos cr\u00e1neos.<\/p>\n\n\n\n<p>Por todo lo anterior, dijo que presentar\u00e1n las denuncias y quejas correspondientes ante la Fiscal\u00eda General de la Rep\u00fablica y ante la Fiscal\u00eda General del Estado en contra de las autoridades federales y las estatales que correspondan.<\/p>\n\n\n\n<p>&#8220;C\u00f3mo exhumaron esos restos, no hubo un procedimiento de separaci\u00f3n, no siguieron los protocolos internacionales de separaci\u00f3n e identificaci\u00f3n de los restos. Yo le pregunt\u00e9 a la representante de la Fiscal de c\u00f3mo los clasificaron&#8221;, finaliz\u00f3.<\/p>\n","protected":false},"excerpt":{"rendered":"<p>Dar\u00edo Pale Xalapa, Ver.- El se\u00f1or Marcos Josafat Grajeda Hern\u00e1ndez padre de familia de uno de los dos j\u00f3venes que fueron desaparecidos en Julio del 2016 de nombre\u00a0Baruch Grajeda Garc\u00eda y Francisco Javier Vargas Garc\u00eda, denunciaron que la Fiscal\u00eda General del Estado (FGE) les quiere entregar restos humanos que no corresponden a los de sus [&hellip;]<\/p>\n","protected":false},"author":1,"featured_media":13421,"comment_status":"open","ping_status":"open","sticky":false,"template":"","format":"standard","meta":{"_jetpack_memberships_contains_paid_content":false,"footnotes":""},"categories":[2],"tags":[],"class_list":["post-13420","post","type-post","status-publish","format-standard","has-post-thumbnail","hentry","category-estado"],"jetpack_featured_media_url":"https:\/\/encuentroinformativo.com.mx\/wp-content\/uploads\/2021\/04\/07C791EA-BB13-42F6-B798-CF2442B954C1.jpeg","jetpack_sharing_enabled":true,"jetpack_likes_enabled":true,"amp_enabled":true,"_links":{"self":[{"href":"https:\/\/encuentroinformativo.com.mx\/index.php?rest_route=\/wp\/v2\/posts\/13420","targetHints":{"allow":["GET"]}}],"collection":[{"href":"https:\/\/encuentroinformativo.com.mx\/index.php?rest_route=\/wp\/v2\/posts"}],"about":[{"href":"https:\/\/encuentroinformativo.com.mx\/index.php?rest_route=\/wp\/v2\/types\/post"}],"author":[{"embeddable":true,"href":"https:\/\/encuentroinformativo.com.mx\/index.php?rest_route=\/wp\/v2\/users\/1"}],"replies":[{"embeddable":true,"href":"https:\/\/encuentroinformativo.com.mx\/index.php?rest_route=%2Fwp%2Fv2%2Fcomments&post=13420"}],"version-history":[{"count":1,"href":"https:\/\/encuentroinformativo.com.mx\/index.php?rest_route=\/wp\/v2\/posts\/13420\/revisions"}],"predecessor-version":[{"id":13422,"href":"https:\/\/encuentroinformativo.com.mx\/index.php?rest_route=\/wp\/v2\/posts\/13420\/revisions\/13422"}],"wp:featuredmedia":[{"embeddable":true,"href":"https:\/\/encuentroinformativo.com.mx\/index.php?rest_route=\/wp\/v2\/media\/13421"}],"wp:attachment":[{"href":"https:\/\/encuentroinformativo.com.mx\/index.php?rest_route=%2Fwp%2Fv2%2Fmedia&parent=13420"}],"wp:term":[{"taxonomy":"category","embeddable":true,"href":"https:\/\/encuentroinformativo.com.mx\/index.php?rest_route=%2Fwp%2Fv2%2Fcategories&post=13420"},{"taxonomy":"post_tag","embeddable":true,"href":"https:\/\/encuentroinformativo.com.mx\/index.php?rest_route=%2Fwp%2Fv2%2Ftags&post=13420"}],"curies":[{"name":"wp","href":"https:\/\/api.w.org\/{rel}","templated":true}]}}