{"id":13435,"date":"2021-04-28T09:35:11","date_gmt":"2021-04-28T14:35:11","guid":{"rendered":"https:\/\/encuentroinformativo.com.mx\/?p=13435"},"modified":"2021-04-28T09:35:16","modified_gmt":"2021-04-28T14:35:16","slug":"se-le-rebelan-a-dante-en-cordoba-su-segundo-terruno","status":"publish","type":"post","link":"https:\/\/encuentroinformativo.com.mx\/?p=13435","title":{"rendered":"SE LE REBELAN A DANTE EN C\u00d3RDOBA, SU SEGUNDO TERRU\u00d1O"},"content":{"rendered":"\n<p><strong>@pablojair<\/strong><\/p>\n\n\n\n<ul class=\"wp-block-list\"><li>Reabre museo de Ciencia y Tecnolog\u00eda en Xalapa.<\/li><li>L\u00edderes sindicales de salud (vacunados) estar\u00edan alentando protestas.<\/li><li>Dan nuevos amparos a m\u00e9dicos privados para recibir vacuna.<\/li><\/ul>\n\n\n\n<p>Que Miguel Chiquito tiene bien arrugado el \u00eddem<br>y por eso se hace la &#8220;v\u00edstima&#8221;.<br>&#8211;Chopenjawer<\/p>\n\n\n\n<p>Estando en una cafeter\u00eda en Coatepec, me llega una imagen al &#8220;g\u00fcatsap&#8221;: un fajo de varios billetes gringos que sumaban unos mil 500 d\u00f3lares.<\/p>\n\n\n\n<p>&#8211;Ah ching\u00e1, \u00bfy eso?&#8211; le pregunto al que mand\u00f3 el mensaje.<br>&#8211;Me lo dio mi padrino Tom\u00e1s; vine a verlo a la C\u00e1mara de Diputados y me dio este regalito; que no ten\u00eda cambio en moneda nacional\u2026<br>&#8211;Abr\u00f3n\u2026<br>&#8211;Ahorita voy a cerrar una cantina jajaja\u2026<\/p>\n\n\n\n<p>Hace unos d\u00edas se comentaba entre amigos que Dante Delgado Rannauro, el exgobernador veracruzano y propietario-l\u00edder de Movimiento Ciudadano, se le adelant\u00f3 a Morena y les quit\u00f3 a Tom\u00e1s L\u00f3pez Landero como candidato a la alcald\u00eda de C\u00f3rdoba.<\/p>\n\n\n\n<p>La jugada sonaba interesante porque se ven\u00eda manejando la versi\u00f3n de que el exdiputado federal podr\u00eda haber sido el candidato morenista a la Presidencia Municipal y hasta se auguraba que con eso el partido lopezobradorista ganar\u00eda sin problema la famosa Ciudad de los 30 Caballeros o por lo menos tendr\u00eda un candidato m\u00e1s competitivo.<\/p>\n\n\n\n<p>Pero una de dos: o se tardaron en decidir en Morena o de plano nunca les interes\u00f3 postular al tambi\u00e9n hermano de la actual alcaldesa. Todo parece indicar lo segundo: algo olieron mal los &#8220;morenos&#8221; y prefirieron alejarse del millonario empresario chatarrero.<\/p>\n\n\n\n<p>No obstante, el mismo Dante Delgado apareci\u00f3 en fotograf\u00eda junto a Tom\u00e1s L\u00f3pez el pasado 21 de abril, para mostrarle su respaldo y anunci\u00e1ndolo como su \u201cgallo\u201d.<\/p>\n\n\n\n<p>En esos momentos se comentaba que C\u00f3rdoba tambi\u00e9n podr\u00eda ser una de las alcald\u00edas que se lleve sin problema el partido del nacido en Alvarado, pero con fuerte arraigo en C\u00f3rdoba.<\/p>\n\n\n\n<p>Pero en horas recientes, como dice Emmanuel, todo se derrumb\u00f3\u2026<\/p>\n\n\n\n<p>C\u00f3rdoba tiene como particularidad que regularmente en las elecciones a la Presidencia Municipal, las familias de abolengo se ponen de acuerdo para apoyar a un candidato, independientemente del color que sean.<\/p>\n\n\n\n<p>Es decir, para los que manejan los hilos pol\u00edticos y econ\u00f3micos de la ciudad, es m\u00e1s importante el personaje: si lo ven con buenos ojos, tiene excelente prestigio, pero adem\u00e1s tiene lazos con la comunidad y es de buena familia. Ah\u00ed los cordobeses &#8220;fif\u00eds&#8221; apoyan con todo.<\/p>\n\n\n\n<p>Y este respaldo de plano no lo tuvo Tom\u00e1s L\u00f3pez Landero.<\/p>\n\n\n\n<p>Resulta que este martes ya se supo que la designaci\u00f3n del exlegislador como candidato de Movimiento Ciudadano caus\u00f3 mucho descontento al interior del partido y fue as\u00ed que renunciaron las dirigencias local y distrital, deslind\u00e1ndose del candidato.<\/p>\n\n\n\n<p>Juan Bueno Torio y Sergio Ortiz Sol\u00eds, representantes del partido naranja, en conferencia de prensa, dijeron que solo estar\u00edan asesorando a los otros siete aspirantes que corresponden al distrito XVI, pero que no meter\u00edan las manos por el caso de C\u00f3rdoba y tambi\u00e9n de Fort\u00edn. La queja en general, es que fueron totalmente desplazados por estos aspirantes.<\/p>\n\n\n\n<p>&#8220;Nosotros tratamos de acercarnos a ambos candidatos y pues definitivamente nos dijeron que llevan su planilla, as\u00ed como la estructura, eso significa que no nos necesitan, as\u00ed que ya cumplimos, dejamos la dirigencia y el edificio, no el partido, pero quedamos fuera de sus decisiones\u201d, dijeron a periodistas.<\/p>\n\n\n\n<p>Y as\u00ed, en el terru\u00f1o que adopt\u00f3 Dante Delgado, sus casi paisanos caballerosamente le pintaron mocos.<\/p>\n\n\n\n<p>\u00bfSer\u00e1 que de todas maneras logre algo Tom\u00e1s L\u00f3pez Landero sin apoyo de l\u00edderes locales? Ya se ver\u00e1.<\/p>\n\n\n\n<p><strong>NOTA PARA PEGAR EN EL REFRI: <\/strong>El gobernador Cuitl\u00e1huac Garc\u00eda Jim\u00e9nez dio a conocer que el 22 de mayo se abrir\u00e1 al p\u00fablico el Museo de Ciencia y Tecnolog\u00eda (ahora llamado &#8220;Kan\u00e1&#8221;), en el cual se cont\u00f3 con una inversi\u00f3n de cinco millones de pesos para el equipamiento de las cinco salas, un planetario, as\u00ed como una sala de realidad virtual y nuevas tecnolog\u00edas que ofrecer\u00e1 este recinto. La palabra &#8220;Kan\u00e1&#8221;, por cierto, es de origen totonaco y significa \u201cflorecer\u201d\u2026 Muy buena noticia para Xalapa, en verdad, porque este espacio ya hab\u00eda sido abandonado desde los tiempos de Miguel Alem\u00e1n como gobernador, a pesar de haber sido uno de los m\u00e1s importantes en el estado. Poco a poco se fue desmantelando, quitaron exhibiciones, cerraron salas, lo hicieron sal\u00f3n de eventos, pero ahora anuncian su reapertura. Vientos.<\/p>\n\n\n\n<p><strong>OTRA NOTA: <\/strong>Que est\u00e1 programada una marcha de personal de Salud en Veracruz para poder acceder a la vacuna contra el Covid19. Dicen en los corrillos que, curiosamente, los que andan alentando estas manifestaciones en tiempos de campa\u00f1a son los l\u00edderes sindicales que ya est\u00e1n vacunados por edad o por dar atenci\u00f3n al coronavirus, pero ya sabe: tiempos de campa\u00f1a.<\/p>\n\n\n\n<p><strong>LA \u00daLTIMA PORQUE ME FALTAN RESCATAR PARAM\u00c9DICOS EN ARKHAM CITY: <\/strong>Este martes se supo que el Poder Judicial concedi\u00f3 otras 6 suspensiones a m\u00e9dicos privados que est\u00e1n solicitando ser vacunados contra el Covid19. En total, ya son 10 los que han buscando el amparo para tener acceso a las vacunas, entre ellos dos casos que se fueron a tribunal colegiado porque la juez primero de distrito neg\u00f3 la suspensi\u00f3n. De acuerdo al abogado Armando Pacheco del Valle, s\u00f3lo est\u00e1 a la espera de que la Secretar\u00eda de Salud dicte hora y fecha para la vacuna.<\/p>\n","protected":false},"excerpt":{"rendered":"<p>@pablojair Reabre museo de Ciencia y Tecnolog\u00eda en Xalapa. L\u00edderes sindicales de salud (vacunados) estar\u00edan alentando protestas. Dan nuevos amparos a m\u00e9dicos privados para recibir vacuna. Que Miguel Chiquito tiene bien arrugado el \u00eddemy por eso se hace la &#8220;v\u00edstima&#8221;.&#8211;Chopenjawer Estando en una cafeter\u00eda en Coatepec, me llega una imagen al &#8220;g\u00fcatsap&#8221;: un fajo de [&hellip;]<\/p>\n","protected":false},"author":1,"featured_media":488,"comment_status":"open","ping_status":"open","sticky":false,"template":"","format":"standard","meta":{"_jetpack_memberships_contains_paid_content":false,"footnotes":""},"categories":[11],"tags":[],"class_list":["post-13435","post","type-post","status-publish","format-standard","has-post-thumbnail","hentry","category-opinion"],"jetpack_featured_media_url":"https:\/\/encuentroinformativo.com.mx\/wp-content\/uploads\/2020\/03\/F471F608-BA1A-416B-BA7B-BCFB24F4E6D0.jpeg","jetpack_sharing_enabled":true,"jetpack_likes_enabled":true,"amp_enabled":true,"_links":{"self":[{"href":"https:\/\/encuentroinformativo.com.mx\/index.php?rest_route=\/wp\/v2\/posts\/13435","targetHints":{"allow":["GET"]}}],"collection":[{"href":"https:\/\/encuentroinformativo.com.mx\/index.php?rest_route=\/wp\/v2\/posts"}],"about":[{"href":"https:\/\/encuentroinformativo.com.mx\/index.php?rest_route=\/wp\/v2\/types\/post"}],"author":[{"embeddable":true,"href":"https:\/\/encuentroinformativo.com.mx\/index.php?rest_route=\/wp\/v2\/users\/1"}],"replies":[{"embeddable":true,"href":"https:\/\/encuentroinformativo.com.mx\/index.php?rest_route=%2Fwp%2Fv2%2Fcomments&post=13435"}],"version-history":[{"count":1,"href":"https:\/\/encuentroinformativo.com.mx\/index.php?rest_route=\/wp\/v2\/posts\/13435\/revisions"}],"predecessor-version":[{"id":13436,"href":"https:\/\/encuentroinformativo.com.mx\/index.php?rest_route=\/wp\/v2\/posts\/13435\/revisions\/13436"}],"wp:featuredmedia":[{"embeddable":true,"href":"https:\/\/encuentroinformativo.com.mx\/index.php?rest_route=\/wp\/v2\/media\/488"}],"wp:attachment":[{"href":"https:\/\/encuentroinformativo.com.mx\/index.php?rest_route=%2Fwp%2Fv2%2Fmedia&parent=13435"}],"wp:term":[{"taxonomy":"category","embeddable":true,"href":"https:\/\/encuentroinformativo.com.mx\/index.php?rest_route=%2Fwp%2Fv2%2Fcategories&post=13435"},{"taxonomy":"post_tag","embeddable":true,"href":"https:\/\/encuentroinformativo.com.mx\/index.php?rest_route=%2Fwp%2Fv2%2Ftags&post=13435"}],"curies":[{"name":"wp","href":"https:\/\/api.w.org\/{rel}","templated":true}]}}