{"id":13437,"date":"2021-04-28T12:30:27","date_gmt":"2021-04-28T17:30:27","guid":{"rendered":"https:\/\/encuentroinformativo.com.mx\/?p=13437"},"modified":"2021-04-28T12:30:31","modified_gmt":"2021-04-28T17:30:31","slug":"denuncian-negligencias-medicas-en-asilo-de-veracruz-puerto","status":"publish","type":"post","link":"https:\/\/encuentroinformativo.com.mx\/?p=13437","title":{"rendered":"Denuncian negligencias m\u00e9dicas en asilo de Veracruz puerto"},"content":{"rendered":"\n<p><strong>Alejandro \u00c1vila<\/strong><\/p>\n\n\n\n<p>Veracruz, Ver.- Diversas irregularidades y negligencias m\u00e9dicas han sido denunciadas por familiares de un adulto mayor reci\u00e9n fallecido en el asilo del DIF de Veracruz ubicado en la colonia Antillas.<\/p>\n\n\n\n<p>Mar\u00eda Fernanda Trujillo Ocampo, m\u00e9dico de profesi\u00f3n y familiar de la se\u00f1ora Enriqueta Ocampo Mart\u00ednez, fallecida este martes por la noche, relat\u00f3 que desde que inici\u00f3 la pandemia se prohibi\u00f3 a los familiares visitar a los adultos mayores en el asilo, por cuestiones de sanidad, algo que consideraron apropiado.<br>Desde esa fecha solo pod\u00edan ver a su familiar de lejos, en la \u00faltima visita, este martes 27 de abril, a su hijo le informaron que se encontraba bien de salud, solo con unas peque\u00f1as llagas en las rodillas, pero cerca de las 7 de la noche, le marcaron para decirle que hab\u00eda fallecido de un presunto infarto.<\/p>\n\n\n\n<p>Los enfermeros se comunicaron con el m\u00e9dico tratante y titular del asilo, a quien identifican como Jos\u00e9 Alberto V\u00e1zquez Aguilar, quien les dice que se presentar\u00e1 a realizar los tr\u00e1mites correspondientes hasta el siguiente d\u00eda, ocasionando la molestia de los familiares, quienes tras la presi\u00f3n, lograron que acudiera al asilo para firmar el certificado de defunci\u00f3n y as\u00ed entregar el cuerpo a la funeraria.<\/p>\n\n\n\n<p>\u201cUna de las enfermeras que me pidi\u00f3 pues no dar su nombre por temor a que la corran me dijo, es que no hay expediente y cuando le entreguen a su familiar no se quede con lo del infarto y por favor rev\u00edsela, me dan a mi abuela y lo primero que hago es revisarla, la espalda con llagas, las rodillas con llagas, los tobillos con llagas, la entrepierna con llagas, muy muy mal, me dice que ten\u00eda 3 d\u00edas pr\u00e1cticamente agonizando, nunca se nos inform\u00f3 a los familiares, su hijo fue el mismo d\u00eda y nunca le dijeron nada\u201d, acus\u00f3.<\/p>\n\n\n\n<p>Expuso que le fue informado que la se\u00f1ora Enriqueta ten\u00eda ya 15 d\u00edas sin caminar y no quer\u00eda comer, por lo que se\u00f1al\u00f3 el m\u00e9dico debi\u00f3 informar a la familia de la situaci\u00f3n, para que ellos decidieran si ser\u00eda trasladada a un hospital para una atenci\u00f3n a detalle.<\/p>\n\n\n\n<p>Seg\u00fan las bit\u00e1coras que les mostraron, esto inici\u00f3 el d\u00eda 11 de abril; adem\u00e1s, otros adultos mayores ya pod\u00edan recibir visitas de su familiares, situaci\u00f3n que a ellos nunca les informaron.<\/p>\n\n\n\n<p>\u201cS\u00ed me preocupa mucho lo que me externan las enfermeras y personal de ah\u00ed, dici\u00e9ndome que no es la \u00fanica que est\u00e1 en esa situaci\u00f3n, que ellas pr\u00e1cticamente ya no saben qu\u00e9 hacer, que ya est\u00e1n desesperadas, y saber que hay m\u00e1s abuelitos que est\u00e1n en esa situaci\u00f3n y que pueden fallecer el d\u00eda de ma\u00f1ana\u201d, subray\u00f3.<\/p>\n","protected":false},"excerpt":{"rendered":"<p>Alejandro \u00c1vila Veracruz, Ver.- Diversas irregularidades y negligencias m\u00e9dicas han sido denunciadas por familiares de un adulto mayor reci\u00e9n fallecido en el asilo del DIF de Veracruz ubicado en la colonia Antillas. Mar\u00eda Fernanda Trujillo Ocampo, m\u00e9dico de profesi\u00f3n y familiar de la se\u00f1ora Enriqueta Ocampo Mart\u00ednez, fallecida este martes por la noche, relat\u00f3 que [&hellip;]<\/p>\n","protected":false},"author":1,"featured_media":13438,"comment_status":"open","ping_status":"open","sticky":false,"template":"","format":"standard","meta":{"_jetpack_memberships_contains_paid_content":false,"footnotes":""},"categories":[9],"tags":[],"class_list":["post-13437","post","type-post","status-publish","format-standard","has-post-thumbnail","hentry","category-salud"],"jetpack_featured_media_url":"https:\/\/encuentroinformativo.com.mx\/wp-content\/uploads\/2021\/04\/C641BCF0-979E-47E6-96BE-3A512B463615.jpeg","jetpack_sharing_enabled":true,"jetpack_likes_enabled":true,"amp_enabled":true,"_links":{"self":[{"href":"https:\/\/encuentroinformativo.com.mx\/index.php?rest_route=\/wp\/v2\/posts\/13437","targetHints":{"allow":["GET"]}}],"collection":[{"href":"https:\/\/encuentroinformativo.com.mx\/index.php?rest_route=\/wp\/v2\/posts"}],"about":[{"href":"https:\/\/encuentroinformativo.com.mx\/index.php?rest_route=\/wp\/v2\/types\/post"}],"author":[{"embeddable":true,"href":"https:\/\/encuentroinformativo.com.mx\/index.php?rest_route=\/wp\/v2\/users\/1"}],"replies":[{"embeddable":true,"href":"https:\/\/encuentroinformativo.com.mx\/index.php?rest_route=%2Fwp%2Fv2%2Fcomments&post=13437"}],"version-history":[{"count":1,"href":"https:\/\/encuentroinformativo.com.mx\/index.php?rest_route=\/wp\/v2\/posts\/13437\/revisions"}],"predecessor-version":[{"id":13439,"href":"https:\/\/encuentroinformativo.com.mx\/index.php?rest_route=\/wp\/v2\/posts\/13437\/revisions\/13439"}],"wp:featuredmedia":[{"embeddable":true,"href":"https:\/\/encuentroinformativo.com.mx\/index.php?rest_route=\/wp\/v2\/media\/13438"}],"wp:attachment":[{"href":"https:\/\/encuentroinformativo.com.mx\/index.php?rest_route=%2Fwp%2Fv2%2Fmedia&parent=13437"}],"wp:term":[{"taxonomy":"category","embeddable":true,"href":"https:\/\/encuentroinformativo.com.mx\/index.php?rest_route=%2Fwp%2Fv2%2Fcategories&post=13437"},{"taxonomy":"post_tag","embeddable":true,"href":"https:\/\/encuentroinformativo.com.mx\/index.php?rest_route=%2Fwp%2Fv2%2Ftags&post=13437"}],"curies":[{"name":"wp","href":"https:\/\/api.w.org\/{rel}","templated":true}]}}