{"id":13441,"date":"2021-04-28T12:38:54","date_gmt":"2021-04-28T17:38:54","guid":{"rendered":"https:\/\/encuentroinformativo.com.mx\/?p=13441"},"modified":"2021-04-28T12:38:58","modified_gmt":"2021-04-28T17:38:58","slug":"en-aniversario-luctuoso-recuerdan-a-regina-martinez","status":"publish","type":"post","link":"https:\/\/encuentroinformativo.com.mx\/?p=13441","title":{"rendered":"En aniversario luctuoso, recuerdan a Regina Mart\u00ednez"},"content":{"rendered":"\n<p><strong>Juan Arcos<\/strong><\/p>\n\n\n\n<p>Xalapa, Ver.- Activistas y reporteros protestaron frente a Palacio de Gobierno durante el noveno aniversario luctuoso de la periodista Regina Mart\u00ednez, quien investigaba casos de corrupci\u00f3n en el gobierno cuando fue asesinada el 28 de abril de 2012.<\/p>\n\n\n\n<p>Sobre la explanada de Plaza Sebasti\u00e1n Lerdo de Tejada, tambi\u00e9n conocida como Plaza Regina Mart\u00ednez, fue colocada una lona para exigir al presidente de la Rep\u00fablica, Andr\u00e9s Manuel L\u00f3pez Obrador, que cumpla su palabra de aplicar todo el peso de la ley contra los responsables del crimen ocurrido en la colonia Felipe Carrillo Puerto, en Xalapa.<\/p>\n\n\n\n<p>De acuerdo con la reportera Norma Trujillo B\u00e1ez, hasta este el momento tampoco el gobierno de Veracruz ha cumplido con la reapertura del expediente para el esclarecimiento del caso.<\/p>\n\n\n\n<p>\u201cEstamos pidiendo justicia porque sigue la impunidad, la complicidad y la omisi\u00f3n siguen presentes, que si el gobierno estatal tiene inter\u00e9s y voluntad pol\u00edtica que se pueda avanzar en esta investigaci\u00f3n y esclarecimiento del crimen\u201d.<\/p>\n\n\n\n<p>La comunicadora indic\u00f3 que han pasado cinco meses de que L\u00f3pez Obrador prometi\u00f3 aclarar el caso para y aplicar la justicia para la periodista Regina Mart\u00ednez, corresponsal de la Revista Proceso en Veracruz.<\/p>\n\n\n\n<p>\u201cEl presidente no repar\u00f3 en elogios para el trabajo de Regina Mart\u00ednez a quien tach\u00f3 de incorruptible y dijo que su gobierno har\u00eda todo lo posible para aclarar ese asesinato, han pasado cinco meses desde esa declaraci\u00f3n y ni el gobernador Cuitl\u00e1huac Garc\u00eda, ni la Fiscal Ver\u00f3nica Hern\u00e1ndez han intentado esclarecer dicho crimen\u201d, refut\u00f3.<\/p>\n\n\n\n<p>Durante la protesta en Xalapa, los reporteros y activistas portaron cartulinas con la leyenda \u201cjusticia\u201d y el retrato de la periodista veracruzana.<\/p>\n\n\n\n<p>Cabe recordar que Regina Mart\u00ednez fue asesinada en su domicilio, en la privada Rodr\u00edguez Clara, en el barrio de El Dique. Sus agresores la golpetearon y ahorcaron con una jerga en el sanitario. Posteriormente, s\u00f3lo robaron un reloj, una celular y una computadora.<\/p>\n\n\n\n<figure class=\"wp-block-image size-large\"><img loading=\"lazy\" decoding=\"async\" width=\"1024\" height=\"768\" src=\"https:\/\/encuentroinformativo.com.mx\/wp-content\/uploads\/2021\/04\/68808E13-E4F0-4AB8-8577-2BF16AA5A621-1024x768.jpeg\" alt=\"\" class=\"wp-image-13443\" srcset=\"https:\/\/encuentroinformativo.com.mx\/wp-content\/uploads\/2021\/04\/68808E13-E4F0-4AB8-8577-2BF16AA5A621-1024x768.jpeg 1024w, https:\/\/encuentroinformativo.com.mx\/wp-content\/uploads\/2021\/04\/68808E13-E4F0-4AB8-8577-2BF16AA5A621-300x225.jpeg 300w, https:\/\/encuentroinformativo.com.mx\/wp-content\/uploads\/2021\/04\/68808E13-E4F0-4AB8-8577-2BF16AA5A621-768x576.jpeg 768w, https:\/\/encuentroinformativo.com.mx\/wp-content\/uploads\/2021\/04\/68808E13-E4F0-4AB8-8577-2BF16AA5A621-1536x1152.jpeg 1536w, https:\/\/encuentroinformativo.com.mx\/wp-content\/uploads\/2021\/04\/68808E13-E4F0-4AB8-8577-2BF16AA5A621.jpeg 1600w\" sizes=\"auto, (max-width: 1024px) 100vw, 1024px\" \/><\/figure>\n","protected":false},"excerpt":{"rendered":"<p>Juan Arcos Xalapa, Ver.- Activistas y reporteros protestaron frente a Palacio de Gobierno durante el noveno aniversario luctuoso de la periodista Regina Mart\u00ednez, quien investigaba casos de corrupci\u00f3n en el gobierno cuando fue asesinada el 28 de abril de 2012. Sobre la explanada de Plaza Sebasti\u00e1n Lerdo de Tejada, tambi\u00e9n conocida como Plaza Regina Mart\u00ednez, [&hellip;]<\/p>\n","protected":false},"author":1,"featured_media":13442,"comment_status":"open","ping_status":"open","sticky":false,"template":"","format":"standard","meta":{"_jetpack_memberships_contains_paid_content":false,"footnotes":""},"categories":[3],"tags":[],"class_list":["post-13441","post","type-post","status-publish","format-standard","has-post-thumbnail","hentry","category-xalapa"],"jetpack_featured_media_url":"https:\/\/encuentroinformativo.com.mx\/wp-content\/uploads\/2021\/04\/820ED1AA-652C-4E48-9C42-37DC6D34360B.jpeg","jetpack_sharing_enabled":true,"jetpack_likes_enabled":true,"amp_enabled":true,"_links":{"self":[{"href":"https:\/\/encuentroinformativo.com.mx\/index.php?rest_route=\/wp\/v2\/posts\/13441","targetHints":{"allow":["GET"]}}],"collection":[{"href":"https:\/\/encuentroinformativo.com.mx\/index.php?rest_route=\/wp\/v2\/posts"}],"about":[{"href":"https:\/\/encuentroinformativo.com.mx\/index.php?rest_route=\/wp\/v2\/types\/post"}],"author":[{"embeddable":true,"href":"https:\/\/encuentroinformativo.com.mx\/index.php?rest_route=\/wp\/v2\/users\/1"}],"replies":[{"embeddable":true,"href":"https:\/\/encuentroinformativo.com.mx\/index.php?rest_route=%2Fwp%2Fv2%2Fcomments&post=13441"}],"version-history":[{"count":1,"href":"https:\/\/encuentroinformativo.com.mx\/index.php?rest_route=\/wp\/v2\/posts\/13441\/revisions"}],"predecessor-version":[{"id":13444,"href":"https:\/\/encuentroinformativo.com.mx\/index.php?rest_route=\/wp\/v2\/posts\/13441\/revisions\/13444"}],"wp:featuredmedia":[{"embeddable":true,"href":"https:\/\/encuentroinformativo.com.mx\/index.php?rest_route=\/wp\/v2\/media\/13442"}],"wp:attachment":[{"href":"https:\/\/encuentroinformativo.com.mx\/index.php?rest_route=%2Fwp%2Fv2%2Fmedia&parent=13441"}],"wp:term":[{"taxonomy":"category","embeddable":true,"href":"https:\/\/encuentroinformativo.com.mx\/index.php?rest_route=%2Fwp%2Fv2%2Fcategories&post=13441"},{"taxonomy":"post_tag","embeddable":true,"href":"https:\/\/encuentroinformativo.com.mx\/index.php?rest_route=%2Fwp%2Fv2%2Ftags&post=13441"}],"curies":[{"name":"wp","href":"https:\/\/api.w.org\/{rel}","templated":true}]}}