{"id":13459,"date":"2021-04-28T15:14:34","date_gmt":"2021-04-28T20:14:34","guid":{"rendered":"https:\/\/encuentroinformativo.com.mx\/?p=13459"},"modified":"2021-04-28T15:14:39","modified_gmt":"2021-04-28T20:14:39","slug":"con-marcha-trabajadores-del-sector-salud-vuelven-a-reclamar-vacunas","status":"publish","type":"post","link":"https:\/\/encuentroinformativo.com.mx\/?p=13459","title":{"rendered":"Con marcha, trabajadores del sector salud vuelven a reclamar vacunas"},"content":{"rendered":"\n<p><strong>Juan Arcos <\/strong><\/p>\n\n\n\n<p>Xalapa, Ver.- Personal del Sector Salud march\u00f3 por segunda vez en Xalapa para denunciar que cerca del 50 por ciento de los trabajadores del todo el estado de Veracruz no han sido vacunados contra el SARS-COV-2 (COVID-19).<\/p>\n\n\n\n<p>Los m\u00e9dicos, enfermeras y administrativos del sector se concentraron afuera de las oficinas de la Secretar\u00eda de Salud de Veracruz, ubicadas a un costado del cerro de Macuilt\u00e9petl, para posteriormente caminar varios kil\u00f3metros hasta el Palacio de Gobierno, donde cerraron la calle Juan de la Luz Enr\u00edquez.<\/p>\n\n\n\n<p>En el trayecto lanzaron diversas consigas, como: \u201cyo te atiendo y no estoy vacunado\u201d, \u201cno queremos aplausos, queremos la vacuna\u201d y \u201cpersonal de salud tambi\u00e9n es prioridad\u201d.\u00a0<br>A la movilizaci\u00f3n se sumaron empleados de los municipios de R\u00edo Blanco, Coatzacoalcos y de Xalapa, en busca de que el gobierno estatal establezca una fecha para que sean inmunizados.<\/p>\n\n\n\n<p>De acuerdo con Edith Mart\u00ednez Flores, psic\u00f3loga del Instituto Veracruzano de Salud Mental, hay empleados sin inocular en el Instituto Mexicano del Seguro Social (IMSS), en el Instituto de Seguridad y Servicios Sociales de los Trabajadores del Estado (ISSSTE), en el Centro Estatal de Cancerolog\u00eda, en el Centro de Alta Especialidad (CAE), en el Hospital Regional \u201cDoctor Luis F. Nach\u00f3n\u201d y de las jurisdicciones sanitarias del estado.<\/p>\n\n\n\n<p>La entrevistada mencion\u00f3 que tampoco ha sido contemplado el personal de salud del sector privado en el Plan Nacional de Vacunaci\u00f3n.<\/p>\n\n\n\n<p>Record\u00f3 que M\u00e9xico es el pa\u00eds que reporta el mayor n\u00famero de defunciones en el Sector Salud, con m\u00e1s de 3 mil 700 casos, entre m\u00e9dicos, enfermeras, camilleros y otros trabajadores.<\/p>\n\n\n\n<p>Los quejosos reprobaron que el gobierno estatal reportara que en la jornada de vacunaci\u00f3n magisterial sobraran 50 mil dosis y \u00e9stas no fueran destinadas al personal m\u00e9dico, sino al sector de 50 a 59 a\u00f1os de edad.<br>Frente a Palacio de Gobierno, los trabajadores nombraron a los m\u00e9dicos, enfermeras y dem\u00e1s empleados que han fallecido a causa de coronavirus en la entidad.<\/p>\n\n\n\n<p>\u201cSigue habiendo casos positivos, no solo en la secretar\u00eda de salud, tambi\u00e9n en IMSS, en ISSSTE, en CAE, desafortunadamente nos acaban de informar el d\u00eda de ayer (martes) que una compa\u00f1era falleci\u00f3 a causa de COVID, eso significa que aunque las cifras han disminuido en cuanto a mortalidad por COVID, los trabajadores del sector salud seguimos expuestos\u201d, enfatizaron.<\/p>\n\n\n\n<figure class=\"wp-block-image size-large\"><img loading=\"lazy\" decoding=\"async\" width=\"1024\" height=\"555\" src=\"https:\/\/encuentroinformativo.com.mx\/wp-content\/uploads\/2021\/04\/D49CA7A2-DEC0-4A12-872A-8A92E68F7054-1024x555.jpeg\" alt=\"\" class=\"wp-image-13461\" srcset=\"https:\/\/encuentroinformativo.com.mx\/wp-content\/uploads\/2021\/04\/D49CA7A2-DEC0-4A12-872A-8A92E68F7054-1024x555.jpeg 1024w, https:\/\/encuentroinformativo.com.mx\/wp-content\/uploads\/2021\/04\/D49CA7A2-DEC0-4A12-872A-8A92E68F7054-300x163.jpeg 300w, https:\/\/encuentroinformativo.com.mx\/wp-content\/uploads\/2021\/04\/D49CA7A2-DEC0-4A12-872A-8A92E68F7054-768x417.jpeg 768w, https:\/\/encuentroinformativo.com.mx\/wp-content\/uploads\/2021\/04\/D49CA7A2-DEC0-4A12-872A-8A92E68F7054.jpeg 1436w\" sizes=\"auto, (max-width: 1024px) 100vw, 1024px\" \/><\/figure>\n\n\n\n<p><\/p>\n","protected":false},"excerpt":{"rendered":"<p>Juan Arcos Xalapa, Ver.- Personal del Sector Salud march\u00f3 por segunda vez en Xalapa para denunciar que cerca del 50 por ciento de los trabajadores del todo el estado de Veracruz no han sido vacunados contra el SARS-COV-2 (COVID-19). Los m\u00e9dicos, enfermeras y administrativos del sector se concentraron afuera de las oficinas de la Secretar\u00eda [&hellip;]<\/p>\n","protected":false},"author":1,"featured_media":13460,"comment_status":"open","ping_status":"open","sticky":false,"template":"","format":"standard","meta":{"_jetpack_memberships_contains_paid_content":false,"footnotes":""},"categories":[9],"tags":[],"class_list":["post-13459","post","type-post","status-publish","format-standard","has-post-thumbnail","hentry","category-salud"],"jetpack_featured_media_url":"https:\/\/encuentroinformativo.com.mx\/wp-content\/uploads\/2021\/04\/33C48F35-94DB-482D-9A3A-08DEF32F21D8.jpeg","jetpack_sharing_enabled":true,"jetpack_likes_enabled":true,"amp_enabled":true,"_links":{"self":[{"href":"https:\/\/encuentroinformativo.com.mx\/index.php?rest_route=\/wp\/v2\/posts\/13459","targetHints":{"allow":["GET"]}}],"collection":[{"href":"https:\/\/encuentroinformativo.com.mx\/index.php?rest_route=\/wp\/v2\/posts"}],"about":[{"href":"https:\/\/encuentroinformativo.com.mx\/index.php?rest_route=\/wp\/v2\/types\/post"}],"author":[{"embeddable":true,"href":"https:\/\/encuentroinformativo.com.mx\/index.php?rest_route=\/wp\/v2\/users\/1"}],"replies":[{"embeddable":true,"href":"https:\/\/encuentroinformativo.com.mx\/index.php?rest_route=%2Fwp%2Fv2%2Fcomments&post=13459"}],"version-history":[{"count":1,"href":"https:\/\/encuentroinformativo.com.mx\/index.php?rest_route=\/wp\/v2\/posts\/13459\/revisions"}],"predecessor-version":[{"id":13462,"href":"https:\/\/encuentroinformativo.com.mx\/index.php?rest_route=\/wp\/v2\/posts\/13459\/revisions\/13462"}],"wp:featuredmedia":[{"embeddable":true,"href":"https:\/\/encuentroinformativo.com.mx\/index.php?rest_route=\/wp\/v2\/media\/13460"}],"wp:attachment":[{"href":"https:\/\/encuentroinformativo.com.mx\/index.php?rest_route=%2Fwp%2Fv2%2Fmedia&parent=13459"}],"wp:term":[{"taxonomy":"category","embeddable":true,"href":"https:\/\/encuentroinformativo.com.mx\/index.php?rest_route=%2Fwp%2Fv2%2Fcategories&post=13459"},{"taxonomy":"post_tag","embeddable":true,"href":"https:\/\/encuentroinformativo.com.mx\/index.php?rest_route=%2Fwp%2Fv2%2Ftags&post=13459"}],"curies":[{"name":"wp","href":"https:\/\/api.w.org\/{rel}","templated":true}]}}