{"id":13472,"date":"2021-04-28T20:38:42","date_gmt":"2021-04-29T01:38:42","guid":{"rendered":"https:\/\/encuentroinformativo.com.mx\/?p=13472"},"modified":"2021-04-28T20:38:46","modified_gmt":"2021-04-29T01:38:46","slug":"pvem-confia-en-obtener-buenos-resultados-javier-herrera","status":"publish","type":"post","link":"https:\/\/encuentroinformativo.com.mx\/?p=13472","title":{"rendered":"PVEM conf\u00eda en obtener buenos resultados: Javier Herrera"},"content":{"rendered":"\n<p><strong>Dar\u00edo Pale<\/strong><\/p>\n\n\n\n<p>Xalapa, Ver.- Ser\u00e1n &#8220;valientes&#8221; y no votar\u00e1n en alianza con Morena reformas como la el\u00e9ctrica que van en perjuicio de los mexicanos, as\u00ed lo inform\u00f3 el\u00a0delegado nacional del Partido Verde Ecologista, Javier Herrera Borunda.<\/p>\n\n\n\n<p>Entrevistado en los pasillos de conocido caf\u00e9 del centro de Xalapa, se\u00f1al\u00f3 que &#8220;cuando hemos tenido que votar en los proyectos que benefician a las personas como los programas sociales, los hemos acompa\u00f1ado y les hemos dado la oportunidad de ser gobierno porque fue el mandato de la elecci\u00f3n pasada&#8221;.<\/p>\n\n\n\n<p>&#8220;Pero en temas coyunturales que el Verde siente, le duelen, como la reforma el\u00e9ctrica, donde ven\u00eda una propuesta en contra de las energ\u00edas renovables; el Verde fue valiente y expres\u00f3 su voto en contra en la C\u00e1mara de Diputados y la de Senadores y congruentes como somos, as\u00ed continuaremos&#8221;, agreg\u00f3.<\/p>\n\n\n\n<p>En otro orden de ideas en cuanto a los candidatos, coment\u00f3 que hasta este momento ning\u00fan aspirante a un puesto de elecci\u00f3n popular del partido ha denunciado alg\u00fan tipo de amenaza o riesgo derivado de sus aspiraciones pol\u00edticas, por lo que\u00a0resalt\u00f3 que el registro de las planillas ante el OPLE fue completo, de los 212 municipios, incluso asegur\u00f3 que son uno de los cuatro partidos que logr\u00f3 registrar las mil 567 posiciones que hay para regidores en todo el territorio veracruzano.<\/p>\n\n\n\n<p>Puntualiz\u00f3 que encabezan 38 candidaturas como parte de la coalici\u00f3n con Morena y Partido del Trabajo, mientras que en 67 alcald\u00edas ir\u00e1n solos,\u00a0&#8220;el Verde se presenta en esta elecci\u00f3n como un partido maduro, que ha trabajado bien desde la base, que se dedic\u00f3 a buscar a cada uno de los mejores perfiles que hay en los municipios&#8230; el Verde va a traer los mejores resultados en su historia, en Veracruz en este proceso 2021&#8221;.<\/p>\n\n\n\n<p>Herrera Borunda coment\u00f3 que en 2015 no ten\u00edan registro y solo ten\u00edan un alcalde y al d\u00eda de hoy tienen 15 alcald\u00edas y seguramente despu\u00e9s de este proceso electoral, lograr\u00e1n 40 alcald\u00edas m\u00e1s, pero tambi\u00e9n presencia edilicia en m\u00e1s de 120 municipios, por lo\u00a0que en esta ocasi\u00f3n lograr\u00e1n tener una buena representaci\u00f3n en la C\u00e1mara de Diputados m\u00e1s los del Congreso del Estado, &#8220;todos con posibilidad de triunfo&#8221;.<\/p>\n\n\n\n<p>En cuanto al evento masivo que se realiz\u00f3 en Tuxpan pese a que\u00a0es uno de los municipios que m\u00e1s n\u00famero de contagios registra de Covid-19, defendi\u00f3 el acto masivo que llev\u00f3 a cabo Alberto Silva durante la entrega de su constancia como candidato a la presidencia municipal,\u00a0&#8220;fue un evento de la militancia del Verde en el cual se le inform\u00f3 a los tuxpe\u00f1os cu\u00e1l fue la decisi\u00f3n que se tom\u00f3 y c\u00f3mo se tom\u00f3 en el proceso interno del Verde&#8221;.<\/p>\n\n\n\n<p>&#8220;De tal suerte que somos respetuosos de la ley en cada uno de los pasos, estuvimos acompa\u00f1ados en cada momento de las autoridades electorales y se cuid\u00f3 cada aspecto el cumplir la ley como es la m\u00edstica del Verde&#8221;, agreg\u00f3.<\/p>\n\n\n\n<p>Reiter\u00f3 que debido a que Veracruz se encuentra en sem\u00e1foro epidemiol\u00f3gico verde se permite este tipo de eventos con un gran n\u00famero de personas, pero en el momento en el que cambie el sem\u00e1foro acatar\u00e1n las disposiciones que correspondan,\u00a0&#8220;siempre respetuosos de la ley y, sobre todo del llamado sanitario, pero gracias a Dios ahorita estamos en sem\u00e1foro verde en Veracruz&#8221;, agreg\u00f3.<\/p>\n\n\n\n<p>Inform\u00f3 que su padre, el exgobernador de Veracruz, Fidel Herrera Beltr\u00e1n est\u00e1 bien y retirado de las c\u00e1maras y la vida pol\u00edtica,\u00a0&#8220;lo estamos disfrutando m\u00e1s en la casa, tiene un problema de movilidad, producto del episodio que tuvo, del derrame, pero estamos en la etapa de disfrutarlo como ya nos tocaba&#8221;.<\/p>\n\n\n\n<p>&#8220;Se entreg\u00f3 en cuerpo y alma, noche a noche, d\u00eda a d\u00eda por Veracruz y ya nos tocaba disfrutarlo en la casa y estamos contentos de eso&#8221;, finaliz\u00f3.<\/p>\n","protected":false},"excerpt":{"rendered":"<p>Dar\u00edo Pale Xalapa, Ver.- Ser\u00e1n &#8220;valientes&#8221; y no votar\u00e1n en alianza con Morena reformas como la el\u00e9ctrica que van en perjuicio de los mexicanos, as\u00ed lo inform\u00f3 el\u00a0delegado nacional del Partido Verde Ecologista, Javier Herrera Borunda. Entrevistado en los pasillos de conocido caf\u00e9 del centro de Xalapa, se\u00f1al\u00f3 que &#8220;cuando hemos tenido que votar en [&hellip;]<\/p>\n","protected":false},"author":1,"featured_media":13473,"comment_status":"open","ping_status":"open","sticky":false,"template":"","format":"standard","meta":{"_jetpack_memberships_contains_paid_content":false,"footnotes":""},"categories":[2],"tags":[],"class_list":["post-13472","post","type-post","status-publish","format-standard","has-post-thumbnail","hentry","category-estado"],"jetpack_featured_media_url":"https:\/\/encuentroinformativo.com.mx\/wp-content\/uploads\/2021\/04\/F0A9F708-3A8C-4B16-ABFE-8CD92910D1E1.jpeg","jetpack_sharing_enabled":true,"jetpack_likes_enabled":true,"amp_enabled":true,"_links":{"self":[{"href":"https:\/\/encuentroinformativo.com.mx\/index.php?rest_route=\/wp\/v2\/posts\/13472","targetHints":{"allow":["GET"]}}],"collection":[{"href":"https:\/\/encuentroinformativo.com.mx\/index.php?rest_route=\/wp\/v2\/posts"}],"about":[{"href":"https:\/\/encuentroinformativo.com.mx\/index.php?rest_route=\/wp\/v2\/types\/post"}],"author":[{"embeddable":true,"href":"https:\/\/encuentroinformativo.com.mx\/index.php?rest_route=\/wp\/v2\/users\/1"}],"replies":[{"embeddable":true,"href":"https:\/\/encuentroinformativo.com.mx\/index.php?rest_route=%2Fwp%2Fv2%2Fcomments&post=13472"}],"version-history":[{"count":1,"href":"https:\/\/encuentroinformativo.com.mx\/index.php?rest_route=\/wp\/v2\/posts\/13472\/revisions"}],"predecessor-version":[{"id":13474,"href":"https:\/\/encuentroinformativo.com.mx\/index.php?rest_route=\/wp\/v2\/posts\/13472\/revisions\/13474"}],"wp:featuredmedia":[{"embeddable":true,"href":"https:\/\/encuentroinformativo.com.mx\/index.php?rest_route=\/wp\/v2\/media\/13473"}],"wp:attachment":[{"href":"https:\/\/encuentroinformativo.com.mx\/index.php?rest_route=%2Fwp%2Fv2%2Fmedia&parent=13472"}],"wp:term":[{"taxonomy":"category","embeddable":true,"href":"https:\/\/encuentroinformativo.com.mx\/index.php?rest_route=%2Fwp%2Fv2%2Fcategories&post=13472"},{"taxonomy":"post_tag","embeddable":true,"href":"https:\/\/encuentroinformativo.com.mx\/index.php?rest_route=%2Fwp%2Fv2%2Ftags&post=13472"}],"curies":[{"name":"wp","href":"https:\/\/api.w.org\/{rel}","templated":true}]}}