{"id":13478,"date":"2021-04-29T09:33:03","date_gmt":"2021-04-29T14:33:03","guid":{"rendered":"https:\/\/encuentroinformativo.com.mx\/?p=13478"},"modified":"2021-04-29T09:33:08","modified_gmt":"2021-04-29T14:33:08","slug":"quiere-a-david-de-azul","status":"publish","type":"post","link":"https:\/\/encuentroinformativo.com.mx\/?p=13478","title":{"rendered":"Quiere a David de azul"},"content":{"rendered":"\n<p><strong>Los Pol\u00edticos<\/strong><\/p>\n\n\n\n<p><strong>Salvador Mu\u00f1oz<\/strong><\/p>\n\n\n\n<p>Xalapa se ha de significar por la contienda que tendr\u00e1n David Velasco Chedraui y Ricardo Ahued Bardahuil y no tanto por las conocidas razones que implica tener a estos dos empresarios, sino por el sentido que tiene para el PAN el que gane David.<\/p>\n\n\n\n<p>Si bien, el candidato de la alianza \u201cVeracruz \u00a1Va!\u201d es postulado por el PRI, el plan del PAN (que debiera ser tambi\u00e9n del PRI y del PRD), es que David Velasco gane con votos azules.<\/p>\n\n\n\n<p>Al inicio de esta aventura, el PAN pretend\u00eda encabezar la candidatura por Xalapa y por Equis o Ye, \u00e9sta no se dio; pero no crea que Joaqu\u00edn Guzm\u00e1n Avil\u00e9s se conform\u00f3 con que sea el PRI quien lleve al candidato en la figura de David. Hoy, para el dirigente estatal del PAN, el proyecto es que Velasco Chedraui gane pero con voto azul, es decir, que el PAN sea quien le d\u00e9 el triunfo al candidato del PRI.<\/p>\n\n\n\n<p>En la misma tesitura est\u00e1n los Yunes porte\u00f1os, as\u00ed como los Rementer\u00eda\u2026 agregue&nbsp; a los Chedraui y por ende, a los Fern\u00e1ndez. Les queda en claro que la derrota de Morena en la capital es fundamental para que el gobierno de Cuitl\u00e1huac se siga hundiendo.<\/p>\n\n\n\n<p>Por supuesto, ac\u00e1 no se puede hacer de lado a Sergio Hern\u00e1ndez Hern\u00e1ndez, la carta del PAN municipal.<\/p>\n\n\n\n<p>Se quiera o no, Checo tiene su capital pol\u00edtico y quiz\u00e1s por eso, tiene espacio en las pluris locales as\u00ed como debe tenerlo en la planilla, m\u00ednimo con dos regidores.<\/p>\n\n\n\n<p>\u00a1Vamos! Mal har\u00eda el PAN no respetar de cierto modo, a su propio militante que con sus aciertos y errores al interior del Partido y del mismo Grupo Legislativo, ven\u00eda trabajando la parcela desde hace rato.<\/p>\n\n\n\n<p>Supongamos que el Chapito ya cedi\u00f3 con Sergio Hern\u00e1ndez lo que ten\u00eda que ceder en funci\u00f3n del estira y afloje que signific\u00f3 la candidatura por Xalapa de la alianza Veracruz \u00a1Va! \u00bfQu\u00e9 queda por hacer? Que Checo entre a la misma sinton\u00eda que el Chapito: \u00a1ir con todo para ganar Xalapa pero impregnado el triunfo de azul!&nbsp;<\/p>\n\n\n\n<p>El Chapito, por su lado, ya est\u00e1 haciendo su chamba: nombr\u00f3 a Lino Jim\u00e9nez como Coordinador del PAN en materia electoral, aunque todo indica que la chamba se concentrar\u00e1 en Xalapa.<\/p>\n\n\n\n<p>No se puede pasar por alto que Lino Jim\u00e9nez es amigo de David Velasco Chedraui y por ende, sabe c\u00f3mo masca la iguana en el empresario.<\/p>\n\n\n\n<p>Ahora, hay que ver el trabajo que realice Sergio Hern\u00e1ndez, quien debe tomar en cuenta una cosa: el triunfo de David Velasco, apoyado por los Rementer\u00eda, los Chedraui y los Yunes, acuerpado con lo que \u00e9l haga, siempre y cuando se vista de azul, implica ser mano desde este momento, para buscar otra oportunidad en el futuro\u2026<\/p>\n\n\n\n<p>Por supuesto, la t\u00e1ctica que plantea el Chapito con Lino Jim\u00e9nez, de que David gane con el voto duro del PAN, se debe replicar en el PRI y en el PRD.<\/p>\n\n\n\n<p>Cada aliado debe buscar el triunfo del candidato en com\u00fan, pero si \u00e9ste va acompa\u00f1ado con el mayor n\u00famero de votos de su partido, mejor.<\/p>\n\n\n\n<p>Se insiste: lo entiende el Chapito; lo entienden los Rementer\u00eda; lo entienden los Yunes\u2026 ojal\u00e1 lo entienda Checo y entre con todo en este proyecto y ser parte de \u00e9l\u2026<\/p>\n\n\n\n<p><a href=\"mailto:smcainito@gmail.com\" target=\"_blank\" rel=\"noreferrer noopener\">smcainito@gmail.com<\/a><\/p>\n","protected":false},"excerpt":{"rendered":"<p>Los Pol\u00edticos Salvador Mu\u00f1oz Xalapa se ha de significar por la contienda que tendr\u00e1n David Velasco Chedraui y Ricardo Ahued Bardahuil y no tanto por las conocidas razones que implica tener a estos dos empresarios, sino por el sentido que tiene para el PAN el que gane David. Si bien, el candidato de la alianza [&hellip;]<\/p>\n","protected":false},"author":1,"featured_media":70,"comment_status":"open","ping_status":"open","sticky":false,"template":"","format":"standard","meta":{"_jetpack_memberships_contains_paid_content":false,"footnotes":""},"categories":[11],"tags":[],"class_list":["post-13478","post","type-post","status-publish","format-standard","has-post-thumbnail","hentry","category-opinion"],"jetpack_featured_media_url":"https:\/\/encuentroinformativo.com.mx\/wp-content\/uploads\/2020\/02\/opinion-invitado.jpg","jetpack_sharing_enabled":true,"jetpack_likes_enabled":true,"amp_enabled":true,"_links":{"self":[{"href":"https:\/\/encuentroinformativo.com.mx\/index.php?rest_route=\/wp\/v2\/posts\/13478","targetHints":{"allow":["GET"]}}],"collection":[{"href":"https:\/\/encuentroinformativo.com.mx\/index.php?rest_route=\/wp\/v2\/posts"}],"about":[{"href":"https:\/\/encuentroinformativo.com.mx\/index.php?rest_route=\/wp\/v2\/types\/post"}],"author":[{"embeddable":true,"href":"https:\/\/encuentroinformativo.com.mx\/index.php?rest_route=\/wp\/v2\/users\/1"}],"replies":[{"embeddable":true,"href":"https:\/\/encuentroinformativo.com.mx\/index.php?rest_route=%2Fwp%2Fv2%2Fcomments&post=13478"}],"version-history":[{"count":1,"href":"https:\/\/encuentroinformativo.com.mx\/index.php?rest_route=\/wp\/v2\/posts\/13478\/revisions"}],"predecessor-version":[{"id":13479,"href":"https:\/\/encuentroinformativo.com.mx\/index.php?rest_route=\/wp\/v2\/posts\/13478\/revisions\/13479"}],"wp:featuredmedia":[{"embeddable":true,"href":"https:\/\/encuentroinformativo.com.mx\/index.php?rest_route=\/wp\/v2\/media\/70"}],"wp:attachment":[{"href":"https:\/\/encuentroinformativo.com.mx\/index.php?rest_route=%2Fwp%2Fv2%2Fmedia&parent=13478"}],"wp:term":[{"taxonomy":"category","embeddable":true,"href":"https:\/\/encuentroinformativo.com.mx\/index.php?rest_route=%2Fwp%2Fv2%2Fcategories&post=13478"},{"taxonomy":"post_tag","embeddable":true,"href":"https:\/\/encuentroinformativo.com.mx\/index.php?rest_route=%2Fwp%2Fv2%2Ftags&post=13478"}],"curies":[{"name":"wp","href":"https:\/\/api.w.org\/{rel}","templated":true}]}}