{"id":1348,"date":"2020-03-27T14:16:03","date_gmt":"2020-03-27T20:16:03","guid":{"rendered":"https:\/\/encuentroinformativo.com\/?p=1348"},"modified":"2020-03-27T14:16:05","modified_gmt":"2020-03-27T20:16:05","slug":"se-desploman-ventas-en-cafeterias-hasta-de-80","status":"publish","type":"post","link":"https:\/\/encuentroinformativo.com.mx\/?p=1348","title":{"rendered":"Se desploman ventas en cafeter\u00edas hasta de 80%"},"content":{"rendered":"\n<p><strong>Juan Arcos<\/strong><\/p>\n\n\n\n<p>Xalapa, Ver.- P\u00e9rdidas econ\u00f3micas del 80 por ciento han registrado cafeter\u00edas de la capital del estado por la contingencia sanitaria.<\/p>\n\n\n\n<p>Alejandra Zavaleta Mota, gerente de uno de estos negocios, coment\u00f3 que la situaci\u00f3n se ha recrudecido en los \u00faltimos d\u00edas, debido a que la gente evita salir de sus hogares.<\/p>\n\n\n\n<p>La entrevistada detall\u00f3 que actualmente solo ingresan 20 clientes al d\u00eda en estos negocios.<\/p>\n\n\n\n<p>\u201cEn las horas pico que antes ten\u00eda todo lleno, ahorita nada m\u00e1s hay cinco o seis mesas. De hecho, ahorita tenemos dos mesas ocupadas o una\u201d.<\/p>\n\n\n\n<p>A\u00f1adi\u00f3 que se est\u00e1n aplicando las medidas sanitarias para evitar un posible contagio de coronavirus.<\/p>\n\n\n\n<p>Todos los trabajadores usan cubrebocas y guantes en los establecimientos.<\/p>\n\n\n\n<p>Adem\u00e1s, se desinfectan las mesas de manera peri\u00f3dica con una soluci\u00f3n a base de cloro.<\/p>\n\n\n\n<p>\u201cToda la parte de adentro se desinfecta tres veces al d\u00eda. Los que se presenten con alg\u00fan s\u00edntoma de gripa no pueden venir a trabajar\u201d.<\/p>\n\n\n\n<p>Tambi\u00e9n se retiraron algunas mesas para separar a los clientes y respetar las recomendaciones de \u201csana distancia\u201d del gobierno federal.<\/p>\n","protected":false},"excerpt":{"rendered":"<p>Juan Arcos Xalapa, Ver.- P\u00e9rdidas econ\u00f3micas del 80 por ciento han registrado cafeter\u00edas de la capital del estado por la contingencia sanitaria. Alejandra Zavaleta Mota, gerente de uno de estos negocios, coment\u00f3 que la situaci\u00f3n se ha recrudecido en los \u00faltimos d\u00edas, debido a que la gente evita salir de sus hogares. La entrevistada detall\u00f3 [&hellip;]<\/p>\n","protected":false},"author":1,"featured_media":1349,"comment_status":"open","ping_status":"open","sticky":false,"template":"","format":"standard","meta":{"_jetpack_memberships_contains_paid_content":false,"footnotes":""},"categories":[3],"tags":[],"class_list":["post-1348","post","type-post","status-publish","format-standard","has-post-thumbnail","hentry","category-xalapa"],"jetpack_featured_media_url":"https:\/\/encuentroinformativo.com.mx\/wp-content\/uploads\/2020\/03\/C141845D-6C32-41B4-91BA-53BCE4DC14F3.jpeg","jetpack_sharing_enabled":true,"jetpack_likes_enabled":true,"amp_enabled":true,"_links":{"self":[{"href":"https:\/\/encuentroinformativo.com.mx\/index.php?rest_route=\/wp\/v2\/posts\/1348","targetHints":{"allow":["GET"]}}],"collection":[{"href":"https:\/\/encuentroinformativo.com.mx\/index.php?rest_route=\/wp\/v2\/posts"}],"about":[{"href":"https:\/\/encuentroinformativo.com.mx\/index.php?rest_route=\/wp\/v2\/types\/post"}],"author":[{"embeddable":true,"href":"https:\/\/encuentroinformativo.com.mx\/index.php?rest_route=\/wp\/v2\/users\/1"}],"replies":[{"embeddable":true,"href":"https:\/\/encuentroinformativo.com.mx\/index.php?rest_route=%2Fwp%2Fv2%2Fcomments&post=1348"}],"version-history":[{"count":1,"href":"https:\/\/encuentroinformativo.com.mx\/index.php?rest_route=\/wp\/v2\/posts\/1348\/revisions"}],"predecessor-version":[{"id":1350,"href":"https:\/\/encuentroinformativo.com.mx\/index.php?rest_route=\/wp\/v2\/posts\/1348\/revisions\/1350"}],"wp:featuredmedia":[{"embeddable":true,"href":"https:\/\/encuentroinformativo.com.mx\/index.php?rest_route=\/wp\/v2\/media\/1349"}],"wp:attachment":[{"href":"https:\/\/encuentroinformativo.com.mx\/index.php?rest_route=%2Fwp%2Fv2%2Fmedia&parent=1348"}],"wp:term":[{"taxonomy":"category","embeddable":true,"href":"https:\/\/encuentroinformativo.com.mx\/index.php?rest_route=%2Fwp%2Fv2%2Fcategories&post=1348"},{"taxonomy":"post_tag","embeddable":true,"href":"https:\/\/encuentroinformativo.com.mx\/index.php?rest_route=%2Fwp%2Fv2%2Ftags&post=1348"}],"curies":[{"name":"wp","href":"https:\/\/api.w.org\/{rel}","templated":true}]}}