{"id":13480,"date":"2021-04-29T10:08:39","date_gmt":"2021-04-29T15:08:39","guid":{"rendered":"https:\/\/encuentroinformativo.com.mx\/?p=13480"},"modified":"2021-04-29T10:08:42","modified_gmt":"2021-04-29T15:08:42","slug":"rechaza-cuitlahuac-retiro-de-candidaturas-a-aspirantes-de-morena","status":"publish","type":"post","link":"https:\/\/encuentroinformativo.com.mx\/?p=13480","title":{"rendered":"Rechaza Cuitl\u00e1huac retiro de candidaturas a aspirantes de Morena"},"content":{"rendered":"\n<p><strong>Juan Arcos<\/strong><\/p>\n\n\n\n<p>Xalapa, Ver.- El gobernador de Veracruz, Cuitl\u00e1huac Garc\u00eda Jim\u00e9nez, es uno de los mandatarios estatales que se pronunciaron en contra de que sea retirada la candidatura a gobernador a Ra\u00fal Mor\u00f3n Orozco, en Michoac\u00e1n, y F\u00e9lix Salgado Macedonio, en Guerrero.<\/p>\n\n\n\n<p>Se trata de un posicionamiento de los gobernadores constitucionales de los estados de Baja California, Chiapas, Morelos, Puebla, Tabasco, Veracruz y la Jefa de Gobierno de la Ciudad de M\u00e9xico, donde consideraron \u201cexcesiva\u201d y constitucionalmente \u201cdesproporcionada\u201d la resoluci\u00f3n del Tribunal Electoral de la Federaci\u00f3n, pues su aplicaci\u00f3n autom\u00e1tica restringe el derecho a ser votado.<\/p>\n\n\n\n<p>Citan que esas fueron las palabras que los propios magistrados del Tribunal Electoral utilizaron para descalificar la primera resoluci\u00f3n del Instituto Nacional Electoral (INE) que retiraba a Ra\u00fal Mor\u00f3n y F\u00e9lix Salgado el derecho a ser electos por sus pueblos.<\/p>\n\n\n\n<p>Manifiestan tambi\u00e9n que, d\u00edas despu\u00e9s, sin argumentaci\u00f3n contundente, los mismos magistrados modificaron su propia defensa de la Constituci\u00f3n de la Rep\u00fablica para restringir el derecho de los michoacanos y guerrerenses a elegir a sus gobernadores, actuando en contra de la democracia.<\/p>\n\n\n\n<p>Los siete mandatarios recuerdan que han impulso el Acuerdo Nacional por la Democracia, convocado por el presidente de la Rep\u00fablica, Andr\u00e9s Manuel L\u00f3pez Obrador, donde refrendaron su compromiso para contribuir en la construcci\u00f3n de un nuevo r\u00e9gimen democr\u00e1tico, que no sea vulnerado por los poderes ejecutivos, como anta\u00f1o.<\/p>\n\n\n\n<p>\u201cAhora reflexionamos que falt\u00f3 el mismo compromiso de otras instituciones, particularmente las instancias que organizan y califican los procesos electorales. No es la primera vez que el INE, antes IFE, y el TEPJF act\u00faan con parcialidad y en contra de la voluntad popular de avanzar hacia una verdadera democracia\u201d, se lee en el documento.<\/p>\n\n\n\n<p>El Gobernador de Veracruz y los dem\u00e1s mandatarios se solidarizaron con el pueblo de Michoac\u00e1n y de Guerrero, y se sumaron al llamado del Presidente de M\u00e9xico a no caer en la provocaci\u00f3n y seguir luchando por avanzar de forma pac\u00edfica y alcanzar democracia.<br>F\u00e9lix Salgado y Ra\u00fal Mor\u00f3n no contender\u00e1n por la gubernatura de Guerrero y Michoac\u00e1n, respectivamente, al cometer una conducta dolosa por no presentar informe de ingresos y gastos de precampa\u00f1a.\u00a0<\/p>\n","protected":false},"excerpt":{"rendered":"<p>Juan Arcos Xalapa, Ver.- El gobernador de Veracruz, Cuitl\u00e1huac Garc\u00eda Jim\u00e9nez, es uno de los mandatarios estatales que se pronunciaron en contra de que sea retirada la candidatura a gobernador a Ra\u00fal Mor\u00f3n Orozco, en Michoac\u00e1n, y F\u00e9lix Salgado Macedonio, en Guerrero. Se trata de un posicionamiento de los gobernadores constitucionales de los estados de [&hellip;]<\/p>\n","protected":false},"author":1,"featured_media":13481,"comment_status":"open","ping_status":"open","sticky":false,"template":"","format":"standard","meta":{"_jetpack_memberships_contains_paid_content":false,"footnotes":""},"categories":[12],"tags":[],"class_list":["post-13480","post","type-post","status-publish","format-standard","has-post-thumbnail","hentry","category-nacional"],"jetpack_featured_media_url":"https:\/\/encuentroinformativo.com.mx\/wp-content\/uploads\/2021\/04\/69B762A4-8AA4-4938-9A60-4161F9E98606.jpeg","jetpack_sharing_enabled":true,"jetpack_likes_enabled":true,"amp_enabled":true,"_links":{"self":[{"href":"https:\/\/encuentroinformativo.com.mx\/index.php?rest_route=\/wp\/v2\/posts\/13480","targetHints":{"allow":["GET"]}}],"collection":[{"href":"https:\/\/encuentroinformativo.com.mx\/index.php?rest_route=\/wp\/v2\/posts"}],"about":[{"href":"https:\/\/encuentroinformativo.com.mx\/index.php?rest_route=\/wp\/v2\/types\/post"}],"author":[{"embeddable":true,"href":"https:\/\/encuentroinformativo.com.mx\/index.php?rest_route=\/wp\/v2\/users\/1"}],"replies":[{"embeddable":true,"href":"https:\/\/encuentroinformativo.com.mx\/index.php?rest_route=%2Fwp%2Fv2%2Fcomments&post=13480"}],"version-history":[{"count":1,"href":"https:\/\/encuentroinformativo.com.mx\/index.php?rest_route=\/wp\/v2\/posts\/13480\/revisions"}],"predecessor-version":[{"id":13482,"href":"https:\/\/encuentroinformativo.com.mx\/index.php?rest_route=\/wp\/v2\/posts\/13480\/revisions\/13482"}],"wp:featuredmedia":[{"embeddable":true,"href":"https:\/\/encuentroinformativo.com.mx\/index.php?rest_route=\/wp\/v2\/media\/13481"}],"wp:attachment":[{"href":"https:\/\/encuentroinformativo.com.mx\/index.php?rest_route=%2Fwp%2Fv2%2Fmedia&parent=13480"}],"wp:term":[{"taxonomy":"category","embeddable":true,"href":"https:\/\/encuentroinformativo.com.mx\/index.php?rest_route=%2Fwp%2Fv2%2Fcategories&post=13480"},{"taxonomy":"post_tag","embeddable":true,"href":"https:\/\/encuentroinformativo.com.mx\/index.php?rest_route=%2Fwp%2Fv2%2Ftags&post=13480"}],"curies":[{"name":"wp","href":"https:\/\/api.w.org\/{rel}","templated":true}]}}