{"id":13483,"date":"2021-04-29T11:26:13","date_gmt":"2021-04-29T16:26:13","guid":{"rendered":"https:\/\/encuentroinformativo.com.mx\/?p=13483"},"modified":"2021-04-29T11:26:17","modified_gmt":"2021-04-29T16:26:17","slug":"estudiantes-antorchistas-reclaman-aplicacion-de-vacunas","status":"publish","type":"post","link":"https:\/\/encuentroinformativo.com.mx\/?p=13483","title":{"rendered":"Estudiantes \u2018antorchistas\u2019 reclaman aplicaci\u00f3n de vacunas"},"content":{"rendered":"\n<p><strong>Juan Arcos<\/strong><\/p>\n\n\n\n<p>Xalapa, Ver.- Estudiantes de la organizaci\u00f3n Antorcha Campesina protestaron frente a Palacio de Gobierno para exigir que sean vacunados contra el SARS-COV-2 (COVID-19).<\/p>\n\n\n\n<p>Los integrantes del Frente Nacional de Estudiantes Revolucionarios Rafael Ram\u00edrez (FNERRR) se plantaron sobre Plaza Sebasti\u00e1n Lerdo de Tejada para solicitar al gobernador Cuitl\u00e1huac Garc\u00eda Jim\u00e9nez que implemente una jornada de vacunaci\u00f3n para el alumnado.<\/p>\n\n\n\n<p>M\u00e1s de 50 estudiantes de los municipios de C\u00f3rdoba, puerto de Veracruz y Xalapa mostraron pancartas para demandar la aplicaci\u00f3n del biol\u00f3gico y as\u00ed garantizar su salud en el retorno a las aulas.&nbsp;<\/p>\n\n\n\n<p>Lo anterior, ante el anuncio de la secretaria de Educaci\u00f3n P\u00fablica, Delfina G\u00f3mez, sobre un regreso a clases escalonado a partir de la segunda semana del mes de mayo.\u00a0<br>De acuerdo con Samuel D\u00edaz Rosas, representante estudiantil, los alumnos regresar\u00edan a clases presenciales solo si son vacunados.<\/p>\n\n\n\n<p>\u201cLos alumnos no hemos sido vacunados, s\u00f3lo los maestros, algunos administrativos; sin embargo, somos miles de estudiantes que regresaremos a las aulas y la convivencia escolar aumenta y sabemos el riesgo por el contagio del COVID-19\u201d.<\/p>\n\n\n\n<p>Se trata de j\u00f3venes, de 17 a\u00f1os en adelante, que cursan los niveles medio superior y superior, toda vez que no es recomendable aplicar las vacunas desarrolladas contra coronavirus en menores de 15 a\u00f1os.<\/p>\n\n\n\n<p>\u201cNo estamos en contra de regresar a clases presenciales. De hecho, es una urgencia regresar a clases presenciales. De lo que estamos en contra es de regresar a clases presenciales sin ser vacunados\u201d.<\/p>\n\n\n\n<p>Los quejosos amagaron con permanecer varias horas en el centro de la ciudad hasta recibir una respuesta favorable por parte de las autoridades.<\/p>\n","protected":false},"excerpt":{"rendered":"<p>Juan Arcos Xalapa, Ver.- Estudiantes de la organizaci\u00f3n Antorcha Campesina protestaron frente a Palacio de Gobierno para exigir que sean vacunados contra el SARS-COV-2 (COVID-19). Los integrantes del Frente Nacional de Estudiantes Revolucionarios Rafael Ram\u00edrez (FNERRR) se plantaron sobre Plaza Sebasti\u00e1n Lerdo de Tejada para solicitar al gobernador Cuitl\u00e1huac Garc\u00eda Jim\u00e9nez que implemente una jornada [&hellip;]<\/p>\n","protected":false},"author":1,"featured_media":13484,"comment_status":"open","ping_status":"open","sticky":false,"template":"","format":"standard","meta":{"_jetpack_memberships_contains_paid_content":false,"footnotes":""},"categories":[3],"tags":[],"class_list":["post-13483","post","type-post","status-publish","format-standard","has-post-thumbnail","hentry","category-xalapa"],"jetpack_featured_media_url":"https:\/\/encuentroinformativo.com.mx\/wp-content\/uploads\/2021\/04\/1F056523-080A-49CD-B85B-60F79B8C9119.jpeg","jetpack_sharing_enabled":true,"jetpack_likes_enabled":true,"amp_enabled":true,"_links":{"self":[{"href":"https:\/\/encuentroinformativo.com.mx\/index.php?rest_route=\/wp\/v2\/posts\/13483","targetHints":{"allow":["GET"]}}],"collection":[{"href":"https:\/\/encuentroinformativo.com.mx\/index.php?rest_route=\/wp\/v2\/posts"}],"about":[{"href":"https:\/\/encuentroinformativo.com.mx\/index.php?rest_route=\/wp\/v2\/types\/post"}],"author":[{"embeddable":true,"href":"https:\/\/encuentroinformativo.com.mx\/index.php?rest_route=\/wp\/v2\/users\/1"}],"replies":[{"embeddable":true,"href":"https:\/\/encuentroinformativo.com.mx\/index.php?rest_route=%2Fwp%2Fv2%2Fcomments&post=13483"}],"version-history":[{"count":1,"href":"https:\/\/encuentroinformativo.com.mx\/index.php?rest_route=\/wp\/v2\/posts\/13483\/revisions"}],"predecessor-version":[{"id":13485,"href":"https:\/\/encuentroinformativo.com.mx\/index.php?rest_route=\/wp\/v2\/posts\/13483\/revisions\/13485"}],"wp:featuredmedia":[{"embeddable":true,"href":"https:\/\/encuentroinformativo.com.mx\/index.php?rest_route=\/wp\/v2\/media\/13484"}],"wp:attachment":[{"href":"https:\/\/encuentroinformativo.com.mx\/index.php?rest_route=%2Fwp%2Fv2%2Fmedia&parent=13483"}],"wp:term":[{"taxonomy":"category","embeddable":true,"href":"https:\/\/encuentroinformativo.com.mx\/index.php?rest_route=%2Fwp%2Fv2%2Fcategories&post=13483"},{"taxonomy":"post_tag","embeddable":true,"href":"https:\/\/encuentroinformativo.com.mx\/index.php?rest_route=%2Fwp%2Fv2%2Ftags&post=13483"}],"curies":[{"name":"wp","href":"https:\/\/api.w.org\/{rel}","templated":true}]}}