{"id":13490,"date":"2021-04-29T15:05:41","date_gmt":"2021-04-29T20:05:41","guid":{"rendered":"https:\/\/encuentroinformativo.com.mx\/?p=13490"},"modified":"2021-04-29T15:05:45","modified_gmt":"2021-04-29T20:05:45","slug":"acusan-presunta-negligencia-medica-en-clinica-del-issste","status":"publish","type":"post","link":"https:\/\/encuentroinformativo.com.mx\/?p=13490","title":{"rendered":"Acusan presunta negligencia m\u00e9dica en cl\u00ednica del ISSSTE"},"content":{"rendered":"\n<p><strong>Juan Arcos<\/strong><\/p>\n\n\n\n<p>Xalapa, Ver.- Familiares de Patricia Barajas Mandujano, de 49 a\u00f1os, denunciaron un caso de presunta negligencia m\u00e9dica en la Cl\u00ednica Hospital del Instituto de Seguridad y Servicios Sociales de los Trabajadores del Estado (ISSSTE), en Xalapa.<\/p>\n\n\n\n<p>Las personas protestaron afuera del acceso principal a este nosocomio, ubicado sobre la calle Fraternidad, en el barrio de San Bruno.<\/p>\n\n\n\n<p>Su hijo Carlos Octavio L\u00f3pez Barajas indic\u00f3 que, hace dos semanas, la salud de su madre empeor\u00f3 y, por ello, fue trasladada en un taxi a dicho hospital. Ten\u00eda un fuerte dolor de cabeza, v\u00f3mito y estaba desmay\u00e1ndose.\u00a0<br>En primera instancia, le dijeron que ten\u00eda una crisis nerviosa y que deb\u00eda regresar a su domicilio. Pero la mujer comenz\u00f3 a sentirse peor.<\/p>\n\n\n\n<p>\u201cLe dec\u00edan a mi mam\u00e1: se\u00f1ora, tiene que pararse, porque si no lo hace se tiene que quedar aqu\u00ed internada. Mi mam\u00e1 se espantaba y entonces se par\u00f3, la tuve que parar, seguimos caminando, nos fuimos en taxi. La \u00faltima vez se me puso muy grave, ya no pod\u00eda caminar, se me desmay\u00f3\u201d, coment\u00f3 el joven con la voz entrecortada por el llanto.<\/p>\n\n\n\n<p>La se\u00f1ora ten\u00eda la presi\u00f3n alta y en Urgencias solo le inyectaron dexametasona, un antiinflamatorio e inmunosupresor, adem\u00e1s de otros medicamentos para controlar su presi\u00f3n arterial.<\/p>\n\n\n\n<p>\u201cEso fue el domingo, de hace dos semanas, mi hermano fue el que la llev\u00f3 y vivi\u00f3 todo primero. El lunes se puso mal, no aguantaba el dolor de cabeza, el martes lo mismo, el mi\u00e9rcoles en la tarde, como a las siete, le dije que la llev\u00e1ramos a Urgencias, mi hermano me dijo: es que solo la van a inyectar y no van a hacer nada, yo dije que necesitaba saber que tiene mi mam\u00e1, que le hicieran un estudio\u201d.\u00a0<br>Llegaron otra vez a la cl\u00ednica, pero un m\u00e9dico les dijo que no pod\u00eda realizar los estudios, que antes ten\u00eda que sacar una cita en la cl\u00ednica del ISSSTE, ubicada sobre la avenida Orizaba.<\/p>\n\n\n\n<p>Octavio sac\u00f3 la cita para el jueves a las 14:00 horas, pero la se\u00f1ora se puso grave durante la noche del mi\u00e9rcoles y otra vez la trasladaron a Urgencias. Fue cuando le diagnosticaron un derrame cerebral, que llevaba varios d\u00edas.<\/p>\n\n\n\n<p>\u201cEl neur\u00f3logo me rega\u00f1\u00f3 y me dijo que por qu\u00e9 hab\u00eda pasado tanto tiempo, el jueves me dijo que mi mam\u00e1 ten\u00eda una hemorragia. La internaron, le empezaron a dar medicamento para desinflamar su cabeza\u201d.<\/p>\n\n\n\n<p>A L\u00f3pez Barajas le reportaron los m\u00e9dicos que su madre presentaba muerte cerebral, pero no hubo la informaci\u00f3n adecuada para conocer los motivos.<\/p>\n\n\n\n<p>El d\u00eda s\u00e1bado, informaron los m\u00e9dicos que la mujer estaba a\u00fan m\u00e1s grave y los familiares ya hab\u00edan solicitado el alta voluntaria para trasladarla en ambulancia a un hospital particular; sin embargo, \u00e9sta les fue negada por la doctora Roc\u00edo L\u00f3pez.<\/p>\n\n\n\n<p>La mujer fue incubada y, al d\u00eda siguiente los m\u00e9dicos notificaron que no hab\u00eda nada m\u00e1s qu\u00e9 hacer para salvar la vida de la se\u00f1ora Patricia, toda vez que carec\u00edan de personal y equipo para la intervenci\u00f3n quir\u00fargica. Do\u00f1a Patricia muri\u00f3 este jueves 29 de abril.<\/p>\n","protected":false},"excerpt":{"rendered":"<p>Juan Arcos Xalapa, Ver.- Familiares de Patricia Barajas Mandujano, de 49 a\u00f1os, denunciaron un caso de presunta negligencia m\u00e9dica en la Cl\u00ednica Hospital del Instituto de Seguridad y Servicios Sociales de los Trabajadores del Estado (ISSSTE), en Xalapa. Las personas protestaron afuera del acceso principal a este nosocomio, ubicado sobre la calle Fraternidad, en el [&hellip;]<\/p>\n","protected":false},"author":1,"featured_media":13491,"comment_status":"open","ping_status":"open","sticky":false,"template":"","format":"standard","meta":{"_jetpack_memberships_contains_paid_content":false,"footnotes":""},"categories":[9],"tags":[],"class_list":["post-13490","post","type-post","status-publish","format-standard","has-post-thumbnail","hentry","category-salud"],"jetpack_featured_media_url":"https:\/\/encuentroinformativo.com.mx\/wp-content\/uploads\/2021\/04\/5A6D8D5F-3DD5-4E37-9641-CD2FD4C12780.jpeg","jetpack_sharing_enabled":true,"jetpack_likes_enabled":true,"amp_enabled":true,"_links":{"self":[{"href":"https:\/\/encuentroinformativo.com.mx\/index.php?rest_route=\/wp\/v2\/posts\/13490","targetHints":{"allow":["GET"]}}],"collection":[{"href":"https:\/\/encuentroinformativo.com.mx\/index.php?rest_route=\/wp\/v2\/posts"}],"about":[{"href":"https:\/\/encuentroinformativo.com.mx\/index.php?rest_route=\/wp\/v2\/types\/post"}],"author":[{"embeddable":true,"href":"https:\/\/encuentroinformativo.com.mx\/index.php?rest_route=\/wp\/v2\/users\/1"}],"replies":[{"embeddable":true,"href":"https:\/\/encuentroinformativo.com.mx\/index.php?rest_route=%2Fwp%2Fv2%2Fcomments&post=13490"}],"version-history":[{"count":1,"href":"https:\/\/encuentroinformativo.com.mx\/index.php?rest_route=\/wp\/v2\/posts\/13490\/revisions"}],"predecessor-version":[{"id":13492,"href":"https:\/\/encuentroinformativo.com.mx\/index.php?rest_route=\/wp\/v2\/posts\/13490\/revisions\/13492"}],"wp:featuredmedia":[{"embeddable":true,"href":"https:\/\/encuentroinformativo.com.mx\/index.php?rest_route=\/wp\/v2\/media\/13491"}],"wp:attachment":[{"href":"https:\/\/encuentroinformativo.com.mx\/index.php?rest_route=%2Fwp%2Fv2%2Fmedia&parent=13490"}],"wp:term":[{"taxonomy":"category","embeddable":true,"href":"https:\/\/encuentroinformativo.com.mx\/index.php?rest_route=%2Fwp%2Fv2%2Fcategories&post=13490"},{"taxonomy":"post_tag","embeddable":true,"href":"https:\/\/encuentroinformativo.com.mx\/index.php?rest_route=%2Fwp%2Fv2%2Ftags&post=13490"}],"curies":[{"name":"wp","href":"https:\/\/api.w.org\/{rel}","templated":true}]}}