{"id":13493,"date":"2021-04-29T15:32:39","date_gmt":"2021-04-29T20:32:39","guid":{"rendered":"https:\/\/encuentroinformativo.com.mx\/?p=13493"},"modified":"2021-04-29T15:32:43","modified_gmt":"2021-04-29T20:32:43","slug":"polemica-de-secretario-de-gobierno-es-mediatica-justifica-ceapp","status":"publish","type":"post","link":"https:\/\/encuentroinformativo.com.mx\/?p=13493","title":{"rendered":"Pol\u00e9mica de secretario de gobierno es \u201cmedi\u00e1tica\u201d, justifica CEAPP"},"content":{"rendered":"\n<p><strong>Dar\u00edo Pale <\/strong><\/p>\n\n\n\n<p>Xalapa, Ver.- El Secretario Ejecutivo de la Comisi\u00f3n Estatal para la Atenci\u00f3n y Protecci\u00f3n de los Periodistas (CEAPP), Israel Hern\u00e1ndez Sosa dio a conocer que en lo que se trata del secretario de gobierno Eric Cisneros Burgos se\u00f1al\u00f3 que hay una situaci\u00f3n medi\u00e1tica, pero hasta la fecha no tiene conocimiento de que exista un proceso.<\/p>\n\n\n\n<p>Entrevistado posterior a una reuni\u00f3n con reporteros y camar\u00f3grafos se\u00f1al\u00f3 que el caso del secretario de gobierno con un medio de comunicaci\u00f3n parte de una publicaci\u00f3n period\u00edstica, pero ellos han atendido a todos los medios de comunicaci\u00f3n, pero deben de solicitar la intervenci\u00f3n para que les d\u00e9 pie para que puedan actuar mediante una solicitud formal.<\/p>\n\n\n\n<p>Lo del secretario de gobierno es medi\u00e1tico ya que no tienen conocimiento de que exista un proceso, pero de existir est\u00e1 en su derecho de determinar las acciones a seguir, aunque el mecanismo que debe de existir de forma inicial entre servidores p\u00fablicos y periodistas es la v\u00eda legal a trav\u00e9s de los medios como lo es el derecho de r\u00e9plica o por la v\u00eda civil.<\/p>\n\n\n\n<p>&#8220;M\u00e1s all\u00e1 de entrar en una pol\u00e9mica innecesaria nosotros nos basamos en los hechos y el trabajo que puede haber o de la situaci\u00f3n que podamos tener a la vista y si es as\u00ed nosotros estamos totalmente abiertos para atender a cualquier periodista sea cualquier situaci\u00f3n que involucre a un funcionario de alto nivel, mediano, ayuntamiento alcalde, diputado, etc\u00e9tera&#8221;, se\u00f1al\u00f3.<\/p>\n\n\n\n<p>En otro orden de ideas en cuanto a los reporteros que est\u00e1n en resguardo se\u00f1al\u00f3 que durante la presente. Administraci\u00f3n han atendido a 88 periodistas en os primeros tres mese de los cuales 43 son solicitudes que tienen que ver con agravios o situaciones que restringen su libertad de expresi\u00f3n, como lo son amenazas, agresiones en coberturas, intimidaciones o situaciones que restringen su libertad de expresi\u00f3n.<\/p>\n\n\n\n<p>De las 43 solicitudes 20 aproximadamente se est\u00e1n incorporando al programa preventivo y de seguridad en este a\u00f1o, adem\u00e1s de que tienen 15 seguimientos de los a\u00f1os pasados por lo que ser\u00edan 35 periodistas con medidas tanto preventivas como de protecci\u00f3n en diferentes niveles y hay entre 3 o 4 reporteros que est\u00e1n bajo un esquema de reubicaci\u00f3n.<\/p>\n\n\n\n<p>En cuanto a posibles denuncias por agresiones de candidatos a reporteros dio a conocer que pese a que\u00a0no se ha registrado ning\u00fan caso, no descart\u00f3 que en este proceso electoral se registren agresiones o amenazas de candidatos hacia periodistas.<\/p>\n\n\n\n<p>&#8220;Por situaciones propias del proceso electoral; los medios de comunicaci\u00f3n y los periodistas son un elemento importante dentro de este proceso electoral que tanto candidatos como actores pol\u00edticos echan mano&#8221;.<\/p>\n\n\n\n<p>En ese sentido, dijo que se encuentran pr\u00f3ximos a celebrar un convenio de colaboraci\u00f3n entre el Organismo P\u00fablico Local Electoral (OPLE) con la Comisi\u00f3n, donde se establecen temas de capacitaci\u00f3n pero sobre todo de respeto a la libertad de expresi\u00f3n.<\/p>\n\n\n\n<p>&#8220;Tambi\u00e9n para sensibilizar a los partidos pol\u00edticos, a los dirigentes y sus integrantes, sobre el respeto que debe haber a los medios de comunicaci\u00f3n, a la libertad de expresi\u00f3n y sobre todo a la cr\u00edtica que pueda ejercerse a trav\u00e9s de los periodistas&#8221;, finaliz\u00f3.<\/p>\n","protected":false},"excerpt":{"rendered":"<p>Dar\u00edo Pale Xalapa, Ver.- El Secretario Ejecutivo de la Comisi\u00f3n Estatal para la Atenci\u00f3n y Protecci\u00f3n de los Periodistas (CEAPP), Israel Hern\u00e1ndez Sosa dio a conocer que en lo que se trata del secretario de gobierno Eric Cisneros Burgos se\u00f1al\u00f3 que hay una situaci\u00f3n medi\u00e1tica, pero hasta la fecha no tiene conocimiento de que exista [&hellip;]<\/p>\n","protected":false},"author":1,"featured_media":13494,"comment_status":"open","ping_status":"open","sticky":false,"template":"","format":"standard","meta":{"_jetpack_memberships_contains_paid_content":false,"footnotes":""},"categories":[2],"tags":[],"class_list":["post-13493","post","type-post","status-publish","format-standard","has-post-thumbnail","hentry","category-estado"],"jetpack_featured_media_url":"https:\/\/encuentroinformativo.com.mx\/wp-content\/uploads\/2021\/04\/505E1730-918D-4FCE-A2D8-95C4CBF68D6B.jpeg","jetpack_sharing_enabled":true,"jetpack_likes_enabled":true,"amp_enabled":true,"_links":{"self":[{"href":"https:\/\/encuentroinformativo.com.mx\/index.php?rest_route=\/wp\/v2\/posts\/13493","targetHints":{"allow":["GET"]}}],"collection":[{"href":"https:\/\/encuentroinformativo.com.mx\/index.php?rest_route=\/wp\/v2\/posts"}],"about":[{"href":"https:\/\/encuentroinformativo.com.mx\/index.php?rest_route=\/wp\/v2\/types\/post"}],"author":[{"embeddable":true,"href":"https:\/\/encuentroinformativo.com.mx\/index.php?rest_route=\/wp\/v2\/users\/1"}],"replies":[{"embeddable":true,"href":"https:\/\/encuentroinformativo.com.mx\/index.php?rest_route=%2Fwp%2Fv2%2Fcomments&post=13493"}],"version-history":[{"count":1,"href":"https:\/\/encuentroinformativo.com.mx\/index.php?rest_route=\/wp\/v2\/posts\/13493\/revisions"}],"predecessor-version":[{"id":13495,"href":"https:\/\/encuentroinformativo.com.mx\/index.php?rest_route=\/wp\/v2\/posts\/13493\/revisions\/13495"}],"wp:featuredmedia":[{"embeddable":true,"href":"https:\/\/encuentroinformativo.com.mx\/index.php?rest_route=\/wp\/v2\/media\/13494"}],"wp:attachment":[{"href":"https:\/\/encuentroinformativo.com.mx\/index.php?rest_route=%2Fwp%2Fv2%2Fmedia&parent=13493"}],"wp:term":[{"taxonomy":"category","embeddable":true,"href":"https:\/\/encuentroinformativo.com.mx\/index.php?rest_route=%2Fwp%2Fv2%2Fcategories&post=13493"},{"taxonomy":"post_tag","embeddable":true,"href":"https:\/\/encuentroinformativo.com.mx\/index.php?rest_route=%2Fwp%2Fv2%2Ftags&post=13493"}],"curies":[{"name":"wp","href":"https:\/\/api.w.org\/{rel}","templated":true}]}}