{"id":13499,"date":"2021-04-29T16:08:43","date_gmt":"2021-04-29T21:08:43","guid":{"rendered":"https:\/\/encuentroinformativo.com.mx\/?p=13499"},"modified":"2021-04-29T16:08:47","modified_gmt":"2021-04-29T21:08:47","slug":"a-cinco-anos-familiares-de-cielo-cristal-piden-a-las-autoridades-continuar-con-su-busqueda","status":"publish","type":"post","link":"https:\/\/encuentroinformativo.com.mx\/?p=13499","title":{"rendered":"A cinco a\u00f1os, familiares de Cielo Cristal piden a las autoridades continuar con su b\u00fasqueda"},"content":{"rendered":"\n<p><strong>Alejandro \u00c1vila<\/strong><\/p>\n\n\n\n<p>Poza Rica, Ver.- Hace 5 a\u00f1os, la menor de edad, Cielo Cristal Guzm\u00e1n, fue secuestrada justo en el centro de la ciudad de Poza Rica, a la fecha, la Fiscal\u00eda General del Estado mantiene detenidas las investigaciones, se\u00f1alan sus familiares.<\/p>\n\n\n\n<p>Los hechos sucedieron en el parque Benito Ju\u00e1rez, en el a\u00f1o 2016, cuando seg\u00fan testigos, Cielo Cristal fue detenida por hombres armados quienes la privaron de su libertad llevandosela en una camioneta roja.<\/p>\n\n\n\n<p>La madre de la joven, Olga Lidia Jim\u00e9nez, acompa\u00f1ada del resto de su familia, acudieron al parque Benito Ju\u00e1rez en Poza Rica, para exigir a las autoridades que contin\u00faen con las investigaciones y den con el paradero de la joven de 16 a\u00f1os.<\/p>\n\n\n\n<p>La denuncia fue interpuesta ante la FGE en cuanto supieron de la situaci\u00f3n, pero hasta la fecha no hay avances o indicios sobre la joven Cielo Cristral.<\/p>\n\n\n\n<p>Los familiares de la joven desaparecida indicaron que incluso los carteles y la publicidad donde se muestran los generales de Cielo Cristal, han sido vandalizados por la misma poblaci\u00f3n como si no se quisiera dar con el paradero de la joven que ahora ya cuenta con 21 a\u00f1os.<\/p>\n","protected":false},"excerpt":{"rendered":"<p>Alejandro \u00c1vila Poza Rica, Ver.- Hace 5 a\u00f1os, la menor de edad, Cielo Cristal Guzm\u00e1n, fue secuestrada justo en el centro de la ciudad de Poza Rica, a la fecha, la Fiscal\u00eda General del Estado mantiene detenidas las investigaciones, se\u00f1alan sus familiares. Los hechos sucedieron en el parque Benito Ju\u00e1rez, en el a\u00f1o 2016, cuando [&hellip;]<\/p>\n","protected":false},"author":1,"featured_media":13500,"comment_status":"open","ping_status":"open","sticky":false,"template":"","format":"standard","meta":{"_jetpack_memberships_contains_paid_content":false,"footnotes":""},"categories":[2],"tags":[],"class_list":["post-13499","post","type-post","status-publish","format-standard","has-post-thumbnail","hentry","category-estado"],"jetpack_featured_media_url":"https:\/\/encuentroinformativo.com.mx\/wp-content\/uploads\/2021\/04\/97EA40CB-C0DD-493E-9FA4-E3433C15E8F3.jpeg","jetpack_sharing_enabled":true,"jetpack_likes_enabled":true,"amp_enabled":true,"_links":{"self":[{"href":"https:\/\/encuentroinformativo.com.mx\/index.php?rest_route=\/wp\/v2\/posts\/13499","targetHints":{"allow":["GET"]}}],"collection":[{"href":"https:\/\/encuentroinformativo.com.mx\/index.php?rest_route=\/wp\/v2\/posts"}],"about":[{"href":"https:\/\/encuentroinformativo.com.mx\/index.php?rest_route=\/wp\/v2\/types\/post"}],"author":[{"embeddable":true,"href":"https:\/\/encuentroinformativo.com.mx\/index.php?rest_route=\/wp\/v2\/users\/1"}],"replies":[{"embeddable":true,"href":"https:\/\/encuentroinformativo.com.mx\/index.php?rest_route=%2Fwp%2Fv2%2Fcomments&post=13499"}],"version-history":[{"count":1,"href":"https:\/\/encuentroinformativo.com.mx\/index.php?rest_route=\/wp\/v2\/posts\/13499\/revisions"}],"predecessor-version":[{"id":13501,"href":"https:\/\/encuentroinformativo.com.mx\/index.php?rest_route=\/wp\/v2\/posts\/13499\/revisions\/13501"}],"wp:featuredmedia":[{"embeddable":true,"href":"https:\/\/encuentroinformativo.com.mx\/index.php?rest_route=\/wp\/v2\/media\/13500"}],"wp:attachment":[{"href":"https:\/\/encuentroinformativo.com.mx\/index.php?rest_route=%2Fwp%2Fv2%2Fmedia&parent=13499"}],"wp:term":[{"taxonomy":"category","embeddable":true,"href":"https:\/\/encuentroinformativo.com.mx\/index.php?rest_route=%2Fwp%2Fv2%2Fcategories&post=13499"},{"taxonomy":"post_tag","embeddable":true,"href":"https:\/\/encuentroinformativo.com.mx\/index.php?rest_route=%2Fwp%2Fv2%2Ftags&post=13499"}],"curies":[{"name":"wp","href":"https:\/\/api.w.org\/{rel}","templated":true}]}}