{"id":13505,"date":"2021-04-30T10:35:51","date_gmt":"2021-04-30T15:35:51","guid":{"rendered":"https:\/\/encuentroinformativo.com.mx\/?p=13505"},"modified":"2021-04-30T10:35:55","modified_gmt":"2021-04-30T15:35:55","slug":"tuxpan-contienda-de-3","status":"publish","type":"post","link":"https:\/\/encuentroinformativo.com.mx\/?p=13505","title":{"rendered":"Tuxpan\u2026 Contienda de 3"},"content":{"rendered":"\n<p><strong>Los Pol\u00edticos<\/strong><\/p>\n\n\n\n<p><strong>Salvador Mu\u00f1oz<\/strong><\/p>\n\n\n\n<p>Si para muchos, la disputa por la presidencia municipal de Xalapa es un choque de trenes por todo lo que significa la capital del Estado as\u00ed como sus contendientes, enmarcados en las figuras de David Velasco Chedraui y Ricardo Ahued, \u00bfqu\u00e9 \u201cpero\u201d le pueden poner a Tuxpan?<\/p>\n\n\n\n<p>Como dijera Domingo Yorio Saqui, el Norte tambi\u00e9n es Veracruz, este Puerto tiene su relevancia econ\u00f3mica, hist\u00f3rica y pol\u00edtica; no en balde el inter\u00e9s que genera el gobernarlo.<\/p>\n\n\n\n<p>Nom\u00e1s de entrada, citamos a tres de los aspirantes a la silla presidencial de Tuxpan: Beto El Cisne Silva, Jos\u00e9 Manuel Pozos Castro y Pepe Mancha.<\/p>\n\n\n\n<p>De un modo u otro, cada uno de ellos se ha ganado a pulso la oportunidad de competir por el cargo; cada quien, desde su trinchera, trabaj\u00f3 para estar en esta condici\u00f3n.<\/p>\n\n\n\n<p>\u00bfVio el m\u00fasculo del Cisne ahora que recibi\u00f3 su constancia como candidato a la alcald\u00eda de Tuxpan? Parec\u00eda inicio de campa\u00f1a de los viejos tiempos\u2026 para nadie escapa que Alberto Silva ya fue alcalde de Tuxpan y es recordado, entre otras muchas cosas, por haber entrado con la espada desenvainada al ir con todo contra su antecesor pri\u00edsta (de su entonces partido). De cierto modo, se pudiera decir que dej\u00f3 un grato recuerdo entre los pobladores y sabiendo que la memoria igual puede ser ingrata, lleva tiempo trabajando la parcela\u2026 por otro lado, hay que tomar en cuenta el respaldo de su cuate del alma, el senador Manuel Velasco Coello as\u00ed como de Javier Herrera Borunda\u2026 remember aquella foto donde aparecen los tres\u2026<\/p>\n\n\n\n<p>La aparici\u00f3n de Jos\u00e9 Manuel Pozos Castro, ex presidente de la Mesa Directiva de la actual Legislatura local, en este escenario, es el modo de reafirmar tanto el poder del Congreso como del mismo Gobernador al ser considerado el diputado con licencia como un aliado de Cuitl\u00e1huac Garc\u00eda. Desde su curul, Pozos Castro realiz\u00f3 labores de gestor\u00eda de la mano del Gobierno estatal. \u00a1Claro que es v\u00e1lido! Al final, los ganones son los ciudadanos.<\/p>\n\n\n\n<p>Con estos dos elementos, es que entra Pepe Mancha que si bien, viene barbechando el terreno pian pianito, es innegable que el mejor aliado que tiene es su primo, el actual presidente municipal, Juan Antonio Aguilar Mancha\u2026 \u00a1vamos! Si bien a muchos puede desagradar la idea de que un familiar del alcalde en turno se postule \u201cpara ocupar su lugar\u201d, la Constituci\u00f3n no lo proh\u00edbe aun con los intentos burdos del diputado Henri Christopher G\u00f3mez de anular los derechos de los ciudadanos.<\/p>\n\n\n\n<p>Lo interesante de esta contienda entre tres (por el momento), es que, si bien, el objeto de los se\u00f1alamientos de campa\u00f1a de Beto Silva y Pozos Castro (j\u00farelo que lo har\u00e1n) ser\u00e1 el trabajo del alcalde en turno y por ende, remarcar al pariente que busca ocupar su lugar; es seguro que ninguno de los dos se quede quieto esperando a la suerte para que decida a qui\u00e9n dejar la silla presidencial y en una de \u00e9sas, tanto Silva como Pozos igual enfilen sus bater\u00edas sobre ellos mismos\u2026 al Cisne, por su pasado duartista; a Pozos&#8230; \u00bfse atrever\u00e1 a juzgar Beto al gobierno de Cuic o al trabajo legislativo de la 4T\u2026 o el de AMLO?<\/p>\n\n\n\n<p>Es precisamente all\u00ed, en esa rendija, donde puede entrar tranquilamente Pepe Mancha, con todo y los yerros que tenga la administraci\u00f3n municipal de su primo\u2026 \u00a1Ah! Y cuando hablan de persecuci\u00f3n contra Pepe Mancha, se podr\u00eda hablar entonces del tama\u00f1o en que dimensionan al candidato de la oposici\u00f3n en la contienda municipal\u2026 si no, s\u00f3lo estar\u00edamos hablando del Cisne y Pozos.<\/p>\n\n\n\n<p><a href=\"mailto:smcainito@gmail.com\" target=\"_blank\" rel=\"noreferrer noopener\">smcainito@gmail.com<\/a><\/p>\n","protected":false},"excerpt":{"rendered":"<p>Los Pol\u00edticos Salvador Mu\u00f1oz Si para muchos, la disputa por la presidencia municipal de Xalapa es un choque de trenes por todo lo que significa la capital del Estado as\u00ed como sus contendientes, enmarcados en las figuras de David Velasco Chedraui y Ricardo Ahued, \u00bfqu\u00e9 \u201cpero\u201d le pueden poner a Tuxpan? Como dijera Domingo Yorio [&hellip;]<\/p>\n","protected":false},"author":1,"featured_media":70,"comment_status":"open","ping_status":"open","sticky":false,"template":"","format":"standard","meta":{"_jetpack_memberships_contains_paid_content":false,"footnotes":""},"categories":[11],"tags":[],"class_list":["post-13505","post","type-post","status-publish","format-standard","has-post-thumbnail","hentry","category-opinion"],"jetpack_featured_media_url":"https:\/\/encuentroinformativo.com.mx\/wp-content\/uploads\/2020\/02\/opinion-invitado.jpg","jetpack_sharing_enabled":true,"jetpack_likes_enabled":true,"amp_enabled":true,"_links":{"self":[{"href":"https:\/\/encuentroinformativo.com.mx\/index.php?rest_route=\/wp\/v2\/posts\/13505","targetHints":{"allow":["GET"]}}],"collection":[{"href":"https:\/\/encuentroinformativo.com.mx\/index.php?rest_route=\/wp\/v2\/posts"}],"about":[{"href":"https:\/\/encuentroinformativo.com.mx\/index.php?rest_route=\/wp\/v2\/types\/post"}],"author":[{"embeddable":true,"href":"https:\/\/encuentroinformativo.com.mx\/index.php?rest_route=\/wp\/v2\/users\/1"}],"replies":[{"embeddable":true,"href":"https:\/\/encuentroinformativo.com.mx\/index.php?rest_route=%2Fwp%2Fv2%2Fcomments&post=13505"}],"version-history":[{"count":1,"href":"https:\/\/encuentroinformativo.com.mx\/index.php?rest_route=\/wp\/v2\/posts\/13505\/revisions"}],"predecessor-version":[{"id":13506,"href":"https:\/\/encuentroinformativo.com.mx\/index.php?rest_route=\/wp\/v2\/posts\/13505\/revisions\/13506"}],"wp:featuredmedia":[{"embeddable":true,"href":"https:\/\/encuentroinformativo.com.mx\/index.php?rest_route=\/wp\/v2\/media\/70"}],"wp:attachment":[{"href":"https:\/\/encuentroinformativo.com.mx\/index.php?rest_route=%2Fwp%2Fv2%2Fmedia&parent=13505"}],"wp:term":[{"taxonomy":"category","embeddable":true,"href":"https:\/\/encuentroinformativo.com.mx\/index.php?rest_route=%2Fwp%2Fv2%2Fcategories&post=13505"},{"taxonomy":"post_tag","embeddable":true,"href":"https:\/\/encuentroinformativo.com.mx\/index.php?rest_route=%2Fwp%2Fv2%2Ftags&post=13505"}],"curies":[{"name":"wp","href":"https:\/\/api.w.org\/{rel}","templated":true}]}}