{"id":1351,"date":"2020-03-27T14:25:35","date_gmt":"2020-03-27T20:25:35","guid":{"rendered":"https:\/\/encuentroinformativo.com\/?p=1351"},"modified":"2020-03-27T14:25:37","modified_gmt":"2020-03-27T20:25:37","slug":"sin-casos-de-covid19-al-interior-de-la-uv-segun-fesapauv","status":"publish","type":"post","link":"https:\/\/encuentroinformativo.com.mx\/?p=1351","title":{"rendered":"Sin casos de Covid19 al interior de la UV, seg\u00fan FESAPAUV"},"content":{"rendered":"\n<p><strong>Dar\u00edo Pale <\/strong><\/p>\n\n\n\n<p>Xalapa, Ver.- El secretario general de la Federaci\u00f3n Estatal de Sindicatos y Asociaciones de Personal Acad\u00e9mico de la Universidad Veracruzana (FESAPAUV), Enrique Levet Gorozpe, asegur\u00f3 que no existen casos confirmados de COVID-19 al interior de la Universidad Veracruzana hasta ahora.<\/p>\n\n\n\n<p>Entrevistado en las calles del centro de Xalapa dio a conocer que, \u201cafortunadamente, en la reuni\u00f3n que tuvimos ayer con la rectora y con el \u00e1rea de servicio a la salud, nos informan que no hay ning\u00fan caso detectado y confirmado de COVID-19 en ning\u00fan miembro de la comunidad universitaria&#8221;.<\/p>\n\n\n\n<p>Precis\u00f3 que el informe descarta tanto a estudiantes, acad\u00e9micos, funcionarios, como personal administrativo y de confianza, no obstante reconoci\u00f3 que hubo al menos tres casos \u00a0sospechosos, que ya se confirmaron negativos.<\/p>\n\n\n\n<p>Cabe recordar que de acuerdo al \u00faltimo reporte de la Secretar\u00eda de Salud, hay actualmente 198 \u00a0casos sospechosos de tener este padecimiento, de los cuales 68 \u00a0ya han sido negativos mediante la prueba de laboratorio espec\u00edfica, 116 se encuentran a\u00fan en investigaci\u00f3n.<\/p>\n\n\n\n<p>En los municipios de Veracruz, con el mayor n\u00famero de casos con 41, Boca del R\u00edo con 21, Xalapa 16, Medell\u00edn 9, Poza Rica 4, C\u00f3rdoba 4, Alvarado 2, Coatzacoalcos 1, Emiliano Zapata 2, Fort\u00edn 2, Tantoyuca 2, Tlapacoyan 2, Acultzingo 1, La Antigua 1, Cosamaloapan 1, Cosoleacaque 1, Guti\u00e9rrez Zamora 1, Ixhuatlancillo 1, Lerdo de Tejada 1 Orizaba 1 Tierra Blanca 1 y \u00darsulo Galv\u00e1n 1.<\/p>\n","protected":false},"excerpt":{"rendered":"<p>Dar\u00edo Pale Xalapa, Ver.- El secretario general de la Federaci\u00f3n Estatal de Sindicatos y Asociaciones de Personal Acad\u00e9mico de la Universidad Veracruzana (FESAPAUV), Enrique Levet Gorozpe, asegur\u00f3 que no existen casos confirmados de COVID-19 al interior de la Universidad Veracruzana hasta ahora. Entrevistado en las calles del centro de Xalapa dio a conocer que, \u201cafortunadamente, [&hellip;]<\/p>\n","protected":false},"author":1,"featured_media":1352,"comment_status":"open","ping_status":"open","sticky":false,"template":"","format":"standard","meta":{"_jetpack_memberships_contains_paid_content":false,"footnotes":""},"categories":[2],"tags":[],"class_list":["post-1351","post","type-post","status-publish","format-standard","has-post-thumbnail","hentry","category-estado"],"jetpack_featured_media_url":"https:\/\/encuentroinformativo.com.mx\/wp-content\/uploads\/2020\/03\/F2C9E370-217E-421F-939B-979CEC2C81B9.jpeg","jetpack_sharing_enabled":true,"jetpack_likes_enabled":true,"amp_enabled":true,"_links":{"self":[{"href":"https:\/\/encuentroinformativo.com.mx\/index.php?rest_route=\/wp\/v2\/posts\/1351","targetHints":{"allow":["GET"]}}],"collection":[{"href":"https:\/\/encuentroinformativo.com.mx\/index.php?rest_route=\/wp\/v2\/posts"}],"about":[{"href":"https:\/\/encuentroinformativo.com.mx\/index.php?rest_route=\/wp\/v2\/types\/post"}],"author":[{"embeddable":true,"href":"https:\/\/encuentroinformativo.com.mx\/index.php?rest_route=\/wp\/v2\/users\/1"}],"replies":[{"embeddable":true,"href":"https:\/\/encuentroinformativo.com.mx\/index.php?rest_route=%2Fwp%2Fv2%2Fcomments&post=1351"}],"version-history":[{"count":1,"href":"https:\/\/encuentroinformativo.com.mx\/index.php?rest_route=\/wp\/v2\/posts\/1351\/revisions"}],"predecessor-version":[{"id":1353,"href":"https:\/\/encuentroinformativo.com.mx\/index.php?rest_route=\/wp\/v2\/posts\/1351\/revisions\/1353"}],"wp:featuredmedia":[{"embeddable":true,"href":"https:\/\/encuentroinformativo.com.mx\/index.php?rest_route=\/wp\/v2\/media\/1352"}],"wp:attachment":[{"href":"https:\/\/encuentroinformativo.com.mx\/index.php?rest_route=%2Fwp%2Fv2%2Fmedia&parent=1351"}],"wp:term":[{"taxonomy":"category","embeddable":true,"href":"https:\/\/encuentroinformativo.com.mx\/index.php?rest_route=%2Fwp%2Fv2%2Fcategories&post=1351"},{"taxonomy":"post_tag","embeddable":true,"href":"https:\/\/encuentroinformativo.com.mx\/index.php?rest_route=%2Fwp%2Fv2%2Ftags&post=1351"}],"curies":[{"name":"wp","href":"https:\/\/api.w.org\/{rel}","templated":true}]}}