{"id":13514,"date":"2021-04-30T11:40:52","date_gmt":"2021-04-30T16:40:52","guid":{"rendered":"https:\/\/encuentroinformativo.com.mx\/?p=13514"},"modified":"2021-04-30T11:40:56","modified_gmt":"2021-04-30T16:40:56","slug":"maestros-impiden-acceso-a-directora-de-escuela-en-cordoba","status":"publish","type":"post","link":"https:\/\/encuentroinformativo.com.mx\/?p=13514","title":{"rendered":"Maestros impiden acceso a directora de escuela en C\u00f3rdoba"},"content":{"rendered":"\n<p><strong>Dar\u00edo Pale <\/strong><\/p>\n\n\n\n<p>Xalapa, Ver.- La directora efectiva de la escuela &#8220;profesor Antonio Quintana&#8221; de C\u00f3rdoba, Rosario \u00c1lvarez Vargas dio a conocer que pese a que la Secretar\u00eda de Educaci\u00f3n de Veracruz (SEV), ya la reinstal\u00f3 en su puesto algunas maestras no le permitieron el acceso a dicho plantel.<\/p>\n\n\n\n<p>Entrevistada en conocido caf\u00e9 del centro de Xalapa, record\u00f3 que en el 2019 la sociedad de padres de familia resultaron con problemas entre ellos por supuestos desv\u00edos de recursos, esto en complicidad con la tesorera y la se\u00f1alan a ella de que los encubri\u00f3, por lo cual el supervisor escolar el 28 de octubre le entrega un documento donde la mandan a resguardo a la supervisi\u00f3n pero jur\u00eddicamente no tiene ni una validez la palabra &#8220;resguardo&#8221;.<\/p>\n\n\n\n<p>El supervisor de la zona 14 de la ciudad de C\u00f3rdoba no le asigna actividades y la a\u00edsla de cualquier tipo de informaci\u00f3n, el 7 de febrero del 2020 tres maestras aperturan la direcci\u00f3n con el apoyo de personas ajenas sin la presencia de alguna autoridad, no le pudieron notificar debido a que se detiene todo por la pandemia por lo cual el 24 de febrero del 2021 le notifican donde le pretenden aplicar una nota mala y un posible cambio de adscripci\u00f3n, lo cual impugno y el nuevo dictamen que le entregan el pasado 9 de marzo donde no hay investigaciones y es falso de todo lo que la acusan y el 12 de abril el supervisor a la mitad de un parque un nuevo oficio.<\/p>\n\n\n\n<p>El martes 27 de abril le notifican que la reinstalar\u00e1n y la mandan a traer a su escuela el d\u00eda 28 a las 10:30 para darle posici\u00f3n de la escuela, para lo cual llegaron del departamento jur\u00eddico de quejas de la SEV el licenciado Ram\u00f3n Galicia y el licenciado Pedro para darle posesi\u00f3n pero la maestra Brenda les dice que no al igual que la maestra Magdalena quienes se oponen a abrir la escuelas sin dar mayor explicaci\u00f3n m\u00e1s que solo se\u00f1alaban que estaban en paro.<\/p>\n\n\n\n<p>Finalmente dio a conocer que no pueden mediar con ellos y levantan un acta por parte de los representantes de la SEV y la cuesti\u00f3n legal y procesal depender\u00e1 de ellos, por lo que ella interpuso un recurso de queja ante esa situaci\u00f3n ya que en base al reglamento tienen prohibido hacer esas cosas, pero se cree que esto se deba a que ella es muy normativa y no les gustan las cuestiones de las norma laborales.<\/p>\n","protected":false},"excerpt":{"rendered":"<p>Dar\u00edo Pale Xalapa, Ver.- La directora efectiva de la escuela &#8220;profesor Antonio Quintana&#8221; de C\u00f3rdoba, Rosario \u00c1lvarez Vargas dio a conocer que pese a que la Secretar\u00eda de Educaci\u00f3n de Veracruz (SEV), ya la reinstal\u00f3 en su puesto algunas maestras no le permitieron el acceso a dicho plantel. Entrevistada en conocido caf\u00e9 del centro de [&hellip;]<\/p>\n","protected":false},"author":1,"featured_media":13515,"comment_status":"open","ping_status":"open","sticky":false,"template":"","format":"standard","meta":{"_jetpack_memberships_contains_paid_content":false,"footnotes":""},"categories":[2],"tags":[],"class_list":["post-13514","post","type-post","status-publish","format-standard","has-post-thumbnail","hentry","category-estado"],"jetpack_featured_media_url":"https:\/\/encuentroinformativo.com.mx\/wp-content\/uploads\/2021\/04\/D5CF1821-FDEC-4AD2-A06F-4560D91F39E8.jpeg","jetpack_sharing_enabled":true,"jetpack_likes_enabled":true,"amp_enabled":true,"_links":{"self":[{"href":"https:\/\/encuentroinformativo.com.mx\/index.php?rest_route=\/wp\/v2\/posts\/13514","targetHints":{"allow":["GET"]}}],"collection":[{"href":"https:\/\/encuentroinformativo.com.mx\/index.php?rest_route=\/wp\/v2\/posts"}],"about":[{"href":"https:\/\/encuentroinformativo.com.mx\/index.php?rest_route=\/wp\/v2\/types\/post"}],"author":[{"embeddable":true,"href":"https:\/\/encuentroinformativo.com.mx\/index.php?rest_route=\/wp\/v2\/users\/1"}],"replies":[{"embeddable":true,"href":"https:\/\/encuentroinformativo.com.mx\/index.php?rest_route=%2Fwp%2Fv2%2Fcomments&post=13514"}],"version-history":[{"count":1,"href":"https:\/\/encuentroinformativo.com.mx\/index.php?rest_route=\/wp\/v2\/posts\/13514\/revisions"}],"predecessor-version":[{"id":13516,"href":"https:\/\/encuentroinformativo.com.mx\/index.php?rest_route=\/wp\/v2\/posts\/13514\/revisions\/13516"}],"wp:featuredmedia":[{"embeddable":true,"href":"https:\/\/encuentroinformativo.com.mx\/index.php?rest_route=\/wp\/v2\/media\/13515"}],"wp:attachment":[{"href":"https:\/\/encuentroinformativo.com.mx\/index.php?rest_route=%2Fwp%2Fv2%2Fmedia&parent=13514"}],"wp:term":[{"taxonomy":"category","embeddable":true,"href":"https:\/\/encuentroinformativo.com.mx\/index.php?rest_route=%2Fwp%2Fv2%2Fcategories&post=13514"},{"taxonomy":"post_tag","embeddable":true,"href":"https:\/\/encuentroinformativo.com.mx\/index.php?rest_route=%2Fwp%2Fv2%2Ftags&post=13514"}],"curies":[{"name":"wp","href":"https:\/\/api.w.org\/{rel}","templated":true}]}}