{"id":13533,"date":"2021-04-30T14:47:32","date_gmt":"2021-04-30T19:47:32","guid":{"rendered":"https:\/\/encuentroinformativo.com.mx\/?p=13533"},"modified":"2021-04-30T14:47:36","modified_gmt":"2021-04-30T19:47:36","slug":"en-dos-lomas-demandan-colonos-regularizacion-de-predios","status":"publish","type":"post","link":"https:\/\/encuentroinformativo.com.mx\/?p=13533","title":{"rendered":"En Dos Lomas, demandan colonos regularizaci\u00f3n de predios"},"content":{"rendered":"\n<p><strong>Alejandro \u00c1vila<\/strong><\/p>\n\n\n\n<p>Veracruz, Ver.- Un centenar de ciudadanos de la congregaci\u00f3n Dos Lomas march\u00f3 este viernes 30 de abril por el Centro Hist\u00f3rico de Veracruz, pues exigen que sus predios queden finalmente regulados.<\/p>\n\n\n\n<p>Este proceso que iniciaron en 2015 qued\u00f3 detenido con el cambio de administraci\u00f3n y a la fecha han logrado pagar 9 mil pesos cada uno para gastos administrativos, sin conocer al d\u00eda de hoy los avances.<\/p>\n\n\n\n<p>Faustino Morales, representante de los colonos, mencion\u00f3 que son 75 terrenos en dos parcelas que comenzaron a regularizar v\u00eda Instituto Municipal de la Vivienda.<\/p>\n\n\n\n<p>Todo este proyecto se inici\u00f3 en 2015 y a partir de 2017 comenzaron a pagar; fue hasta junio del 2018 cuando hicieron el pago total de todas las escrituras, en noviembre 2018 se pagaron todas las c\u00e9dulas catastrales y despu\u00e9s se pagaron impuestos.<\/p>\n\n\n\n<p>&#8220;Hemos sido muy puntuales en los pagos, hemos demostrado paciencia y hemos respetado procesos, pero ahora nos sentimos agraviados&#8221;.<\/p>\n\n\n\n<p>Faustino Morales, remarc\u00f3 que actualmente no tendr\u00edan que hacer pagos de impuestos, por lo que piden que Catastro libere las formas de pagos y advirtieron que tienen como l\u00edmite hasta el 31 de mayo de este a\u00f1o.<\/p>\n","protected":false},"excerpt":{"rendered":"<p>Alejandro \u00c1vila Veracruz, Ver.- Un centenar de ciudadanos de la congregaci\u00f3n Dos Lomas march\u00f3 este viernes 30 de abril por el Centro Hist\u00f3rico de Veracruz, pues exigen que sus predios queden finalmente regulados. Este proceso que iniciaron en 2015 qued\u00f3 detenido con el cambio de administraci\u00f3n y a la fecha han logrado pagar 9 mil [&hellip;]<\/p>\n","protected":false},"author":1,"featured_media":13534,"comment_status":"open","ping_status":"open","sticky":false,"template":"","format":"standard","meta":{"_jetpack_memberships_contains_paid_content":false,"footnotes":""},"categories":[2],"tags":[],"class_list":["post-13533","post","type-post","status-publish","format-standard","has-post-thumbnail","hentry","category-estado"],"jetpack_featured_media_url":"https:\/\/encuentroinformativo.com.mx\/wp-content\/uploads\/2021\/04\/E3609E8F-1398-403E-95D4-27825EEF5C34.jpeg","jetpack_sharing_enabled":true,"jetpack_likes_enabled":true,"amp_enabled":true,"_links":{"self":[{"href":"https:\/\/encuentroinformativo.com.mx\/index.php?rest_route=\/wp\/v2\/posts\/13533","targetHints":{"allow":["GET"]}}],"collection":[{"href":"https:\/\/encuentroinformativo.com.mx\/index.php?rest_route=\/wp\/v2\/posts"}],"about":[{"href":"https:\/\/encuentroinformativo.com.mx\/index.php?rest_route=\/wp\/v2\/types\/post"}],"author":[{"embeddable":true,"href":"https:\/\/encuentroinformativo.com.mx\/index.php?rest_route=\/wp\/v2\/users\/1"}],"replies":[{"embeddable":true,"href":"https:\/\/encuentroinformativo.com.mx\/index.php?rest_route=%2Fwp%2Fv2%2Fcomments&post=13533"}],"version-history":[{"count":1,"href":"https:\/\/encuentroinformativo.com.mx\/index.php?rest_route=\/wp\/v2\/posts\/13533\/revisions"}],"predecessor-version":[{"id":13535,"href":"https:\/\/encuentroinformativo.com.mx\/index.php?rest_route=\/wp\/v2\/posts\/13533\/revisions\/13535"}],"wp:featuredmedia":[{"embeddable":true,"href":"https:\/\/encuentroinformativo.com.mx\/index.php?rest_route=\/wp\/v2\/media\/13534"}],"wp:attachment":[{"href":"https:\/\/encuentroinformativo.com.mx\/index.php?rest_route=%2Fwp%2Fv2%2Fmedia&parent=13533"}],"wp:term":[{"taxonomy":"category","embeddable":true,"href":"https:\/\/encuentroinformativo.com.mx\/index.php?rest_route=%2Fwp%2Fv2%2Fcategories&post=13533"},{"taxonomy":"post_tag","embeddable":true,"href":"https:\/\/encuentroinformativo.com.mx\/index.php?rest_route=%2Fwp%2Fv2%2Ftags&post=13533"}],"curies":[{"name":"wp","href":"https:\/\/api.w.org\/{rel}","templated":true}]}}