{"id":13540,"date":"2021-04-30T18:09:08","date_gmt":"2021-04-30T23:09:08","guid":{"rendered":"https:\/\/encuentroinformativo.com.mx\/?p=13540"},"modified":"2021-04-30T18:10:15","modified_gmt":"2021-04-30T23:10:15","slug":"cinco-paratletas-veracruzanos-podrian-ir-a-tokio-2021","status":"publish","type":"post","link":"https:\/\/encuentroinformativo.com.mx\/?p=13540","title":{"rendered":"Cinco paratletas veracruzanos podr\u00edan ir a Tokio 2021"},"content":{"rendered":"\n<p><strong>Alejandro \u00c1vila<\/strong><\/p>\n\n\n\n<p>Veracruz, Ver.- Cinco paratletas veracruzanos son los que tiene m\u00e1s posibilidades de clasificar a los juegos Paral\u00edmpicos de Tokio en este 2021.<\/p>\n\n\n\n<p>Es por ello que la presidenta del Comit\u00e9 Paral\u00edmpico Mexicano (COPAME), Liliana Su\u00e1rez Carre\u00f3n, visit\u00f3 Veracruz para hacer llegar material deportivo.<\/p>\n\n\n\n<p>\u201cEstamos felices de entregar este material para los para atletas que tienen muchas expectativas de participar en los Juegos Paral\u00edmpicos de Tokio 2021. Sabemos que sin los tres ejes como son los Institutos, las Federaciones y las Asociaciones Estatales, el trabajo de los atletas no ser\u00eda posible. Felicito a todos los que son part\u00edcipes en este logro\u201d, coment\u00f3.<\/p>\n\n\n\n<p>Los atletas que recibieron el kit de material deportivo fueron el lanzador de jabalina Eliezer Gabriel Buenaventura, medallista de plata en los Juegos Parapanamericanos de Lima 2019, poseedor del r\u00e9cord continental y quien est\u00e1 pr\u00e1cticamente calificado a los que ser\u00e1n sus segundos Juegos Paral\u00edmpicos luego de haber asistido a R\u00edo 2016 y ahora a Tokio 2021.<\/p>\n\n\n\n<p>El otro atleta presente fue Rodolfo Chessani Garc\u00eda, medallista de bronce en para atletismo en Lima 2019, as\u00ed como especialista en los 400 metros planos.<\/p>\n\n\n\n<p>\u201cNo estamos haciendo ir a los atletas a la Ciudad de M\u00e9xico, la situaci\u00f3n es complicada, les llevamos a sus estados el material y nos importa tambi\u00e9n su salud para que ellos contin\u00faen de la mejor manera entrenando en sus lugares de origen\u201d.<\/p>\n\n\n\n<p>Otros atletas veracruzanos que recibir\u00e1n el beneficio de este material deportivo son el medallista mundial y parapanamericano de Para Nataci\u00f3n, Diego L\u00f3pez D\u00edaz, quien al estar en campamento de altura no fue posible su presencia. As\u00ed como Estela Salas Mar\u00edn, quien en su representaci\u00f3n asisti\u00f3 la presidenta de la Asociaci\u00f3n Veracruzana de Deportes sobre Silla de Ruedas, Martha Beatriz Reyes Dom\u00ednguez y Nely Miranda Herrera, quien ya recibi\u00f3 el material en la Ciudad de M\u00e9xico.<\/p>\n","protected":false},"excerpt":{"rendered":"<p>Alejandro \u00c1vila Veracruz, Ver.- Cinco paratletas veracruzanos son los que tiene m\u00e1s posibilidades de clasificar a los juegos Paral\u00edmpicos de Tokio en este 2021. Es por ello que la presidenta del Comit\u00e9 Paral\u00edmpico Mexicano (COPAME), Liliana Su\u00e1rez Carre\u00f3n, visit\u00f3 Veracruz para hacer llegar material deportivo. \u201cEstamos felices de entregar este material para los para atletas [&hellip;]<\/p>\n","protected":false},"author":1,"featured_media":13543,"comment_status":"open","ping_status":"open","sticky":false,"template":"","format":"standard","meta":{"_jetpack_memberships_contains_paid_content":false,"footnotes":""},"categories":[2],"tags":[],"class_list":["post-13540","post","type-post","status-publish","format-standard","has-post-thumbnail","hentry","category-estado"],"jetpack_featured_media_url":"https:\/\/encuentroinformativo.com.mx\/wp-content\/uploads\/2021\/04\/A68672B6-A20E-4B9F-8442-A8DAFA2363B9.jpeg","jetpack_sharing_enabled":true,"jetpack_likes_enabled":true,"amp_enabled":true,"_links":{"self":[{"href":"https:\/\/encuentroinformativo.com.mx\/index.php?rest_route=\/wp\/v2\/posts\/13540","targetHints":{"allow":["GET"]}}],"collection":[{"href":"https:\/\/encuentroinformativo.com.mx\/index.php?rest_route=\/wp\/v2\/posts"}],"about":[{"href":"https:\/\/encuentroinformativo.com.mx\/index.php?rest_route=\/wp\/v2\/types\/post"}],"author":[{"embeddable":true,"href":"https:\/\/encuentroinformativo.com.mx\/index.php?rest_route=\/wp\/v2\/users\/1"}],"replies":[{"embeddable":true,"href":"https:\/\/encuentroinformativo.com.mx\/index.php?rest_route=%2Fwp%2Fv2%2Fcomments&post=13540"}],"version-history":[{"count":1,"href":"https:\/\/encuentroinformativo.com.mx\/index.php?rest_route=\/wp\/v2\/posts\/13540\/revisions"}],"predecessor-version":[{"id":13542,"href":"https:\/\/encuentroinformativo.com.mx\/index.php?rest_route=\/wp\/v2\/posts\/13540\/revisions\/13542"}],"wp:featuredmedia":[{"embeddable":true,"href":"https:\/\/encuentroinformativo.com.mx\/index.php?rest_route=\/wp\/v2\/media\/13543"}],"wp:attachment":[{"href":"https:\/\/encuentroinformativo.com.mx\/index.php?rest_route=%2Fwp%2Fv2%2Fmedia&parent=13540"}],"wp:term":[{"taxonomy":"category","embeddable":true,"href":"https:\/\/encuentroinformativo.com.mx\/index.php?rest_route=%2Fwp%2Fv2%2Fcategories&post=13540"},{"taxonomy":"post_tag","embeddable":true,"href":"https:\/\/encuentroinformativo.com.mx\/index.php?rest_route=%2Fwp%2Fv2%2Ftags&post=13540"}],"curies":[{"name":"wp","href":"https:\/\/api.w.org\/{rel}","templated":true}]}}