{"id":13560,"date":"2021-05-01T12:09:19","date_gmt":"2021-05-01T17:09:19","guid":{"rendered":"https:\/\/encuentroinformativo.com.mx\/?p=13560"},"modified":"2021-05-01T12:09:22","modified_gmt":"2021-05-01T17:09:22","slug":"medicos-seguiran-movilizaciones-para-recibir-vacunas","status":"publish","type":"post","link":"https:\/\/encuentroinformativo.com.mx\/?p=13560","title":{"rendered":"M\u00e9dicos seguir\u00e1n movilizaciones para recibir vacunas"},"content":{"rendered":"\n<p><strong>Dar\u00edo Pale<\/strong><\/p>\n\n\n\n<p>Xalapa, Ver.- La doctora Rosal\u00eda Sosa Achaval, trabajadora de la salud en las \u00e1reas p\u00fablicas y privada dio a conocer que pese a que ya comenzaron a vacunar a algunos trabajadores de hospitales privados y del sector p\u00fablico la\u00a0exigencia no cesar\u00e1 hasta que sean vacunados en su totalidad.<\/p>\n\n\n\n<p>En conferencia de prensa realizada en conocido caf\u00e9 del centro de Xalapa se\u00f1al\u00f3 que,\u00a0&#8220;esta semana comenz\u00f3 la vacunaci\u00f3n al sector privado, varios sanatorios del estado de Veracruz ya empezaron a vacunar en centros de salud, pero todav\u00eda hay regiones muy lejanas donde todav\u00eda no tienen acceso a la vacunaci\u00f3n. Yo trabajo para un hospital privado aqu\u00ed en Xalapa, Veracruz y el hospital al parecer concluy\u00f3 al 100 por ciento la vacunaci\u00f3n de si personal&#8221;.<\/p>\n\n\n\n<p>Acompa\u00f1ada de otros doctores comentaron que si\u00a0bien, el presidente Andr\u00e9s Manuel L\u00f3pez Obrador dijo conocer esta demanda y pidi\u00f3 paciencia a los trabajadores de salud que faltan de vacunar, insisten en presionar al Gobierno estatal para que a su vez presione al Gobierno Federal.<\/p>\n\n\n\n<p>Para ello, los m\u00e9dicos de este movimiento que inici\u00f3 en el Centro Estatal de Cancerolog\u00eda (CECAN) Dr. Miguel Dorantes Mesa, convocaron a que los trabajadores de otros hospitales como el Instituto Mexicano del Seguro Social (IMSS) o el Instituto de Seguridad y Servicios Sociales para los Trabajadores del Estado (ISSSTE) y del sector privado, adem\u00e1s de los colegios de los profesionales de la salud, a que se unan a esta demanda.<\/p>\n\n\n\n<p>Dijo que\u00a0 tambi\u00e9n est\u00e1n convocando para que \u00e9ste movimientos se\u00a0 lleve acabo en las once jurisdicciones sanitarias, que son desde P\u00e1nuco, Tuxpan, Mart\u00ednez de la Torre, Xalapa, Veracruz, C\u00f3rdoba, Orizaba Cosamaloapan, San Andr\u00e9s Tuxtla y Coatzacoalcos, adem\u00e1s de\u00a0que en esta acciones se est\u00e1 uniendo el sector p\u00fablico, privado, colegios y odont\u00f3logos ya que por primera se unen todos por el mismo fin que es la salud de todos.<\/p>\n\n\n\n<p>&#8220;Queremos convocar que este movimiento se haga en todo el estado, en las 11 jurisdicciones sanitarias, desde P\u00e1nuco hasta Tuxpan, Mart\u00ednez de la Torre, Xalapa, Veracruz, C\u00f3rdoba, Orizaba, Cosamaloapan, San Andr\u00e9s Tuxtla y Coatzacoalcos. Las 11 Jurisdicciones Sanitarias que tenemos como Servicios de Salud de Veracruz y al mismo tiempo que se puedan unir los dem\u00e1s sectores a esta marcha&#8221;, se\u00f1alaron.<\/p>\n\n\n\n<p>Por \u00faltimo reclamaron que antes de los maestros, debieron ser todos los trabajadores de la salud a quienes se protegiera de la COVID-19.<\/p>\n","protected":false},"excerpt":{"rendered":"<p>Dar\u00edo Pale Xalapa, Ver.- La doctora Rosal\u00eda Sosa Achaval, trabajadora de la salud en las \u00e1reas p\u00fablicas y privada dio a conocer que pese a que ya comenzaron a vacunar a algunos trabajadores de hospitales privados y del sector p\u00fablico la\u00a0exigencia no cesar\u00e1 hasta que sean vacunados en su totalidad. En conferencia de prensa realizada [&hellip;]<\/p>\n","protected":false},"author":1,"featured_media":13561,"comment_status":"open","ping_status":"open","sticky":false,"template":"","format":"standard","meta":{"_jetpack_memberships_contains_paid_content":false,"footnotes":""},"categories":[9],"tags":[],"class_list":["post-13560","post","type-post","status-publish","format-standard","has-post-thumbnail","hentry","category-salud"],"jetpack_featured_media_url":"https:\/\/encuentroinformativo.com.mx\/wp-content\/uploads\/2021\/05\/2DD6A43B-8E82-44FF-BA73-85AAFB829BD9.jpeg","jetpack_sharing_enabled":true,"jetpack_likes_enabled":true,"amp_enabled":true,"_links":{"self":[{"href":"https:\/\/encuentroinformativo.com.mx\/index.php?rest_route=\/wp\/v2\/posts\/13560","targetHints":{"allow":["GET"]}}],"collection":[{"href":"https:\/\/encuentroinformativo.com.mx\/index.php?rest_route=\/wp\/v2\/posts"}],"about":[{"href":"https:\/\/encuentroinformativo.com.mx\/index.php?rest_route=\/wp\/v2\/types\/post"}],"author":[{"embeddable":true,"href":"https:\/\/encuentroinformativo.com.mx\/index.php?rest_route=\/wp\/v2\/users\/1"}],"replies":[{"embeddable":true,"href":"https:\/\/encuentroinformativo.com.mx\/index.php?rest_route=%2Fwp%2Fv2%2Fcomments&post=13560"}],"version-history":[{"count":1,"href":"https:\/\/encuentroinformativo.com.mx\/index.php?rest_route=\/wp\/v2\/posts\/13560\/revisions"}],"predecessor-version":[{"id":13562,"href":"https:\/\/encuentroinformativo.com.mx\/index.php?rest_route=\/wp\/v2\/posts\/13560\/revisions\/13562"}],"wp:featuredmedia":[{"embeddable":true,"href":"https:\/\/encuentroinformativo.com.mx\/index.php?rest_route=\/wp\/v2\/media\/13561"}],"wp:attachment":[{"href":"https:\/\/encuentroinformativo.com.mx\/index.php?rest_route=%2Fwp%2Fv2%2Fmedia&parent=13560"}],"wp:term":[{"taxonomy":"category","embeddable":true,"href":"https:\/\/encuentroinformativo.com.mx\/index.php?rest_route=%2Fwp%2Fv2%2Fcategories&post=13560"},{"taxonomy":"post_tag","embeddable":true,"href":"https:\/\/encuentroinformativo.com.mx\/index.php?rest_route=%2Fwp%2Fv2%2Ftags&post=13560"}],"curies":[{"name":"wp","href":"https:\/\/api.w.org\/{rel}","templated":true}]}}