{"id":13563,"date":"2021-05-01T13:25:15","date_gmt":"2021-05-01T18:25:15","guid":{"rendered":"https:\/\/encuentroinformativo.com.mx\/?p=13563"},"modified":"2021-05-01T13:25:19","modified_gmt":"2021-05-01T18:25:19","slug":"con-mitin-recuerdan-organizaciones-dia-del-trabajo","status":"publish","type":"post","link":"https:\/\/encuentroinformativo.com.mx\/?p=13563","title":{"rendered":"Con m\u00edtin recuerdan organizaciones D\u00eda del Trabajo"},"content":{"rendered":"\n<p><strong>Dar\u00edo Pale<\/strong><\/p>\n\n\n\n<p>Xalapa, Ver.- Con la finalidad de conmemorar el primero de mayo y debido a que no se realiz\u00f3 el desfile por segundo a\u00f1o consecutivo y para \u00a0dar a conocer las diferentes inquietudes y fallas que ha cometido el gobierno del estado con el sector de los trabajadores, realizaron un m\u00edtin en las escalinatas de la Catedral Metropolitana donde los diferentes l\u00edderes dieron a conocer sus posicionamientos.<\/p>\n\n\n\n<p>Entrevistado durante la manifestaci\u00f3n en las escalinatas de catedral\u00a0Pablo Jim\u00e9nez Ayala, presidente de Vendedores Independientes del Estado de Veracruz, se\u00f1al\u00f3 que por\u00a0segundo a\u00f1o consecutivo no se llev\u00f3 a cabo el tradicional desfile en el que los trabajadores hacen presencia y los l\u00edderes sindicales marchan codo a codo con las autoridades en turno, pero a diferencia del a\u00f1o anterior, en el que hab\u00eda llegado la pandemia por COVID, en este 2021 se congregaron, rindieron honores a la Bandera, gritaron consignas y pidieron el di\u00e1logo a los gobiernos estatal y federal para resolver demandas pendientes.<\/p>\n\n\n\n<p>&#8220;El principal motivo es recordar a los m\u00e1rtires sindicalistas, de Chicago, de Cananea, R\u00edo Blanco. Hay que recordar que cada primero de mayo se presentan las demandas al Gobierno del Estado, Municipal y Federal&#8230;va a haber presencia de la mayor\u00eda de los sindicatos, de los l\u00edderes, para que puedan exponer al Gobierno del Estado a trav\u00e9s del micr\u00f3fono, sus quejas y demandas&#8221;, se\u00f1al\u00f3.<\/p>\n\n\n\n<p>&#8220;Este a\u00f1o tampoco hay desfile, pero s\u00ed se va a hacer este mitin porque las demandas de hace dos a\u00f1os siguen paradas. No ha habido puertas abiertas, sigue todo cerrado, sigue haciendo violaciones a los contratos colectivos de muchos sindicatos. Las bases&#8230;son una serie de demandas que est\u00e1n detenidas. Creemos que es necesario&#8221;, agreg\u00f3.<\/p>\n\n\n\n<p>Adem\u00e1s estuvieron representantes del Sindicato Nacional de los Trabajadores de la Educaci\u00f3n (SNTE) de la Secci\u00f3n 32, el FESAPAUV, la CROC, del Sindicato de Trabajadores y Empleados al Servicio de los Sistemas de Agua y Saneamiento Descentralizados de los Municipios del Estado de Veracruz y la Confederaci\u00f3n Revolucionaria de Obreros y Campesinos (CROC), entre otros, sumando alrededor de 15 sindicatos.<\/p>\n","protected":false},"excerpt":{"rendered":"<p>Dar\u00edo Pale Xalapa, Ver.- Con la finalidad de conmemorar el primero de mayo y debido a que no se realiz\u00f3 el desfile por segundo a\u00f1o consecutivo y para \u00a0dar a conocer las diferentes inquietudes y fallas que ha cometido el gobierno del estado con el sector de los trabajadores, realizaron un m\u00edtin en las escalinatas [&hellip;]<\/p>\n","protected":false},"author":1,"featured_media":13564,"comment_status":"open","ping_status":"open","sticky":false,"template":"","format":"standard","meta":{"_jetpack_memberships_contains_paid_content":false,"footnotes":""},"categories":[3],"tags":[],"class_list":["post-13563","post","type-post","status-publish","format-standard","has-post-thumbnail","hentry","category-xalapa"],"jetpack_featured_media_url":"https:\/\/encuentroinformativo.com.mx\/wp-content\/uploads\/2021\/05\/4FBEAE0D-B6B7-46EE-A12B-654BCE56D714.jpeg","jetpack_sharing_enabled":true,"jetpack_likes_enabled":true,"amp_enabled":true,"_links":{"self":[{"href":"https:\/\/encuentroinformativo.com.mx\/index.php?rest_route=\/wp\/v2\/posts\/13563","targetHints":{"allow":["GET"]}}],"collection":[{"href":"https:\/\/encuentroinformativo.com.mx\/index.php?rest_route=\/wp\/v2\/posts"}],"about":[{"href":"https:\/\/encuentroinformativo.com.mx\/index.php?rest_route=\/wp\/v2\/types\/post"}],"author":[{"embeddable":true,"href":"https:\/\/encuentroinformativo.com.mx\/index.php?rest_route=\/wp\/v2\/users\/1"}],"replies":[{"embeddable":true,"href":"https:\/\/encuentroinformativo.com.mx\/index.php?rest_route=%2Fwp%2Fv2%2Fcomments&post=13563"}],"version-history":[{"count":1,"href":"https:\/\/encuentroinformativo.com.mx\/index.php?rest_route=\/wp\/v2\/posts\/13563\/revisions"}],"predecessor-version":[{"id":13565,"href":"https:\/\/encuentroinformativo.com.mx\/index.php?rest_route=\/wp\/v2\/posts\/13563\/revisions\/13565"}],"wp:featuredmedia":[{"embeddable":true,"href":"https:\/\/encuentroinformativo.com.mx\/index.php?rest_route=\/wp\/v2\/media\/13564"}],"wp:attachment":[{"href":"https:\/\/encuentroinformativo.com.mx\/index.php?rest_route=%2Fwp%2Fv2%2Fmedia&parent=13563"}],"wp:term":[{"taxonomy":"category","embeddable":true,"href":"https:\/\/encuentroinformativo.com.mx\/index.php?rest_route=%2Fwp%2Fv2%2Fcategories&post=13563"},{"taxonomy":"post_tag","embeddable":true,"href":"https:\/\/encuentroinformativo.com.mx\/index.php?rest_route=%2Fwp%2Fv2%2Ftags&post=13563"}],"curies":[{"name":"wp","href":"https:\/\/api.w.org\/{rel}","templated":true}]}}