{"id":13569,"date":"2021-05-01T13:48:16","date_gmt":"2021-05-01T18:48:16","guid":{"rendered":"https:\/\/encuentroinformativo.com.mx\/?p=13569"},"modified":"2021-05-01T13:48:20","modified_gmt":"2021-05-01T18:48:20","slug":"emplazan-a-huelga-trabajadores-de-telmex","status":"publish","type":"post","link":"https:\/\/encuentroinformativo.com.mx\/?p=13569","title":{"rendered":"Emplazan a huelga trabajadores de Telmex"},"content":{"rendered":"\n<p><strong>Dar\u00edo Pale <\/strong><\/p>\n\n\n\n<p>Xalapa, Ver.- El\u00a0secretario general de la Secci\u00f3n 17 de Xalapa, Manlio Fabio Chimal Mendoza, dio a conocer que tienen dos emplazamientos a huelga uno por violaciones al Contrato Colectivo con fecha de vencimiento el 19 de mayo y la de revisi\u00f3n salarial el 20 de mayo.<\/p>\n\n\n\n<p>Entrevistado previo a la manifestaci\u00f3n frente a las instalaciones de Tel\u00e9fonos de M\u00e9xico (TELMEX), se\u00f1al\u00f3 que son 585 trabajadores entre activos y jubilados pero debido a la pandemia van a participar 300 trabajadores en la manifestaci\u00f3n con el motivo de la revisi\u00f3n salarial ya que la empresa ya cuenta con el pliego petitorio por parte le sindicato pero hasta el momento no les ha dado ninguna contrapropuesta o respuesta.<\/p>\n\n\n\n<p>Dio a conocer que el plazo para la revisi\u00f3n salarial se dio el 25 de abril pero en la asamblea nacional le hicieron una pr\u00f3rroga para el d\u00eda 20 de mayo a las 12:00 horas y despu\u00e9s de eso estallar\u00eda la huelga, la \u00faltima que se ha resignado fue en 1982, \u00a0se\u00f1al\u00f3 que tienen dos emplazamientos a huelga uno por violaciones al contrato colectivo con fecha 19 de mayo y la de la revisi\u00f3n salarial del 20 de ese mismo mes.<\/p>\n\n\n\n<p>La propuesta que ellos realizaron es el incremento del 10 por ciento de aumento salarial pero la empresa quiere eliminar la cl\u00e1usula 149 de la jubilaci\u00f3n eso quiere decir que a los de nuevo ingreso los quiere contratar pero a cambio de acciones de la empresa.<br>Durante la manifestaci\u00f3n portaron algunas pancartas en las cuales se\u00f1alaban lo siguiente,\u00a0&#8220;en defensa del contrato colectivo, no a la separaci\u00f3n de Telmex&#8221; y &#8220;no al recorte de nuestras jubilaciones&#8221;.<br>Finalmente cabe se\u00f1alar que durante la concentraci\u00f3n en la calle Leandro Valle a lado del Palacio de Gobierno la calle fue cerrada para el desarrollo de la manifestaci\u00f3n frente a las oficinas de TELMEX.<\/p>\n","protected":false},"excerpt":{"rendered":"<p>Dar\u00edo Pale Xalapa, Ver.- El\u00a0secretario general de la Secci\u00f3n 17 de Xalapa, Manlio Fabio Chimal Mendoza, dio a conocer que tienen dos emplazamientos a huelga uno por violaciones al Contrato Colectivo con fecha de vencimiento el 19 de mayo y la de revisi\u00f3n salarial el 20 de mayo. Entrevistado previo a la manifestaci\u00f3n frente a [&hellip;]<\/p>\n","protected":false},"author":1,"featured_media":13570,"comment_status":"open","ping_status":"open","sticky":false,"template":"","format":"standard","meta":{"_jetpack_memberships_contains_paid_content":false,"footnotes":""},"categories":[3],"tags":[],"class_list":["post-13569","post","type-post","status-publish","format-standard","has-post-thumbnail","hentry","category-xalapa"],"jetpack_featured_media_url":"https:\/\/encuentroinformativo.com.mx\/wp-content\/uploads\/2021\/05\/B203D6DB-A010-4E1F-A2E8-A225B441E1E8.jpeg","jetpack_sharing_enabled":true,"jetpack_likes_enabled":true,"amp_enabled":true,"_links":{"self":[{"href":"https:\/\/encuentroinformativo.com.mx\/index.php?rest_route=\/wp\/v2\/posts\/13569","targetHints":{"allow":["GET"]}}],"collection":[{"href":"https:\/\/encuentroinformativo.com.mx\/index.php?rest_route=\/wp\/v2\/posts"}],"about":[{"href":"https:\/\/encuentroinformativo.com.mx\/index.php?rest_route=\/wp\/v2\/types\/post"}],"author":[{"embeddable":true,"href":"https:\/\/encuentroinformativo.com.mx\/index.php?rest_route=\/wp\/v2\/users\/1"}],"replies":[{"embeddable":true,"href":"https:\/\/encuentroinformativo.com.mx\/index.php?rest_route=%2Fwp%2Fv2%2Fcomments&post=13569"}],"version-history":[{"count":1,"href":"https:\/\/encuentroinformativo.com.mx\/index.php?rest_route=\/wp\/v2\/posts\/13569\/revisions"}],"predecessor-version":[{"id":13571,"href":"https:\/\/encuentroinformativo.com.mx\/index.php?rest_route=\/wp\/v2\/posts\/13569\/revisions\/13571"}],"wp:featuredmedia":[{"embeddable":true,"href":"https:\/\/encuentroinformativo.com.mx\/index.php?rest_route=\/wp\/v2\/media\/13570"}],"wp:attachment":[{"href":"https:\/\/encuentroinformativo.com.mx\/index.php?rest_route=%2Fwp%2Fv2%2Fmedia&parent=13569"}],"wp:term":[{"taxonomy":"category","embeddable":true,"href":"https:\/\/encuentroinformativo.com.mx\/index.php?rest_route=%2Fwp%2Fv2%2Fcategories&post=13569"},{"taxonomy":"post_tag","embeddable":true,"href":"https:\/\/encuentroinformativo.com.mx\/index.php?rest_route=%2Fwp%2Fv2%2Ftags&post=13569"}],"curies":[{"name":"wp","href":"https:\/\/api.w.org\/{rel}","templated":true}]}}