{"id":13594,"date":"2021-05-03T09:19:35","date_gmt":"2021-05-03T14:19:35","guid":{"rendered":"https:\/\/encuentroinformativo.com.mx\/?p=13594"},"modified":"2021-05-03T09:19:39","modified_gmt":"2021-05-03T14:19:39","slug":"dana-y-la-violencia","status":"publish","type":"post","link":"https:\/\/encuentroinformativo.com.mx\/?p=13594","title":{"rendered":"Dana y la violencia"},"content":{"rendered":"\n<p><strong>N\u00fameros Rojos<\/strong><\/p>\n\n\n\n<p><strong>Brenda Caballero<\/strong><\/p>\n\n\n\n<p>Con la mirada fija al vac\u00edo recuerda aquel novio que la violent\u00f3 y agredi\u00f3 f\u00edsicamente. \u2013\u00bfPor qu\u00e9 sigue con \u00e9l?\u2013 Me preguntaban. \u2013Dana est\u00e1s mal, busca ayuda\u2013 me dec\u00edan. En ese momento me negaba&#8230; te cierras.<\/p>\n\n\n\n<p>Son las palabras de Dana D\u00edaz quien recuerda ese episodio que la marc\u00f3 y le hizo hacer una pauta en su vida, adem\u00e1s de cambiar su perspectiva y darse cuenta de la realidad: sufr\u00eda violencia.&nbsp;<\/p>\n\n\n\n<p>Todo empez\u00f3 con violencia psicol\u00f3gica, pues el \u201cTe ves gorda\u201d por parte de su pareja era constante. Acepta que le afect\u00f3 porque en la primaria sufri\u00f3 bullying, \u00a1hasta le hab\u00edan puesto un apodo relacionado con su sobrepeso! Las palabras de la abuela resonaban: \u201cEl matrimonio es un trabajo. T\u00fa tienes que aguantar\u201d. Sin embargo, tuvo que tocar fondo para salir de la espiral de violencia en la que viv\u00eda. \u201cUn d\u00eda me levant\u00e9, me mir\u00e9 al espejo y dije: \u00c9sta no soy yo. Entonces busqu\u00e9 ayuda&#8230; hasta fui con el psic\u00f3logo\u201d.&nbsp;&nbsp;<\/p>\n\n\n\n<p>Un a\u00f1o despu\u00e9s, Dana abre la asociaci\u00f3n civil Recuperando la Esperanza, el Amor y la Luz (REAL AC) para apoyar y ayudar a mujeres que como ella, sufren violencia o que son madres solteras.<\/p>\n\n\n\n<p>Durante 5 a\u00f1os, REAL se ha ganado la credibilidad de la sociedad, por el apoyo que ha brindado a quienes se acercan a ella, en especial con la bolsa de trabajo que tienen en coordinaci\u00f3n con algunas empresas locales. \u201cLes brindamos apoyo psicol\u00f3gico, asesor\u00eda jur\u00eddica y legal, asesor\u00eda nutricional, banco de ropa y de medicamentos. Trabajamos el amor propio, las empoderamos\u201d, afirma Dana. Para ello tienen 4 m\u00f3dulos en 6 meses donde aparte las capacitan sobre el trabajo emprendedor, la inversi\u00f3n de su tiempo y el valor del mismo. Afirma que no ha sido tarea f\u00e1cil, pues algunas mujeres que acuden a la asociaci\u00f3n por ser violentadas por sus parejas, muchas veces dependen econ\u00f3micamente de ellos y su primer pensamiento es el qu\u00e9 har\u00e1n sin dinero. Entonces les preguntamos \u201c\u00bfQu\u00e9 sabes hacer?\u201d, cuenta Danna. \u201cAl principio dicen que nada, pero despu\u00e9s de pensarle, responden: \u201cMe sale bien la pasta de chile seco\u201d. Entonces las convencemos de que hagan la pasta para vender, las convertimos en microempresarias, las capacitamos\u201d.<\/p>\n\n\n\n<p>Dana tambi\u00e9n habla del programa Renace y Florece (Reyflo) para mujeres artesanas. All\u00ed promueven sus productos y se impulsa disminuir la cultura del regateo.<\/p>\n\n\n\n<p>Dana D\u00edaz es xalape\u00f1a y aparte de su labor altruista es empresaria. Tiene 23 a\u00f1os y cuenta que ha trabajado de cajera, mesera, con el Grupo Oliva Radio y hasta como conductora en TV Azteca San Antonio. En el 2017, fue representante de Xalapa en el concurso Miss Earth, donde no solamente era un certamen de belleza, sino con causa para mujeres emprendedoras.<\/p>\n\n\n\n<p>Actualmente, fue invitada por el PRD para ser candidata&nbsp; a diputada local por el Distrito X de Xalapa, por la alianza Veracruz Va que conforma el PAN, PRI, PRD.<br>\u2013\u00bfEn qu\u00e9 partido militas?\u2013 Le pregunto.<\/p>\n\n\n\n<p>\u2013No milito en ninguno. Soy candidata ciudadana y har\u00e9 una campa\u00f1a blanca.<\/p>\n\n\n\n<p>Dana tiene 7 meses de embarazo. Ser\u00e1 ni\u00f1o quien llevar\u00e1 el nombre de Santiago. Platica que en alguna de las reuniones que ha tenido, un var\u00f3n hac\u00eda referencia a c\u00f3mo har\u00e1 campa\u00f1a con 7 meses de embarazo; de inmediato contest\u00f3 que las mujeres est\u00e1n vulnerables est\u00e9n embarazadas o no y que ese mismo cuestionamiento genera la discriminaci\u00f3n laboral que viven muchas mujeres en el pa\u00eds.<\/p>\n\n\n\n<p>Dana trae muchos proyectos que quiere impulsar en educaci\u00f3n y cultura, adem\u00e1s de apoyar a la comunidad LGBTTTIQ que ha sufrido mucha violencia y cr\u00edmenes de odio. Afirma que no quiere que sean m\u00e1s las mujeres que los hombres, ni viceversa. \u201cTodos tenemos que ser parejos\u201d.<\/p>\n\n\n\n<p>Dana iniciar\u00e1 su campa\u00f1a en un lugar emblem\u00e1tico para ella: El monumento a la Madre, donde prender\u00e1 una luz por las que ya no est\u00e1n.<\/p>\n\n\n\n<p>@NumerosRojos_BC<\/p>\n\n\n\n<p><a href=\"mailto:caballero_brenda@hotmail.com\" target=\"_blank\" rel=\"noreferrer noopener\">caballero_brenda@hotmail.com<\/a><\/p>\n","protected":false},"excerpt":{"rendered":"<p>N\u00fameros Rojos Brenda Caballero Con la mirada fija al vac\u00edo recuerda aquel novio que la violent\u00f3 y agredi\u00f3 f\u00edsicamente. \u2013\u00bfPor qu\u00e9 sigue con \u00e9l?\u2013 Me preguntaban. \u2013Dana est\u00e1s mal, busca ayuda\u2013 me dec\u00edan. En ese momento me negaba&#8230; te cierras. Son las palabras de Dana D\u00edaz quien recuerda ese episodio que la marc\u00f3 y le [&hellip;]<\/p>\n","protected":false},"author":1,"featured_media":70,"comment_status":"open","ping_status":"open","sticky":false,"template":"","format":"standard","meta":{"_jetpack_memberships_contains_paid_content":false,"footnotes":""},"categories":[11],"tags":[],"class_list":["post-13594","post","type-post","status-publish","format-standard","has-post-thumbnail","hentry","category-opinion"],"jetpack_featured_media_url":"https:\/\/encuentroinformativo.com.mx\/wp-content\/uploads\/2020\/02\/opinion-invitado.jpg","jetpack_sharing_enabled":true,"jetpack_likes_enabled":true,"amp_enabled":true,"_links":{"self":[{"href":"https:\/\/encuentroinformativo.com.mx\/index.php?rest_route=\/wp\/v2\/posts\/13594","targetHints":{"allow":["GET"]}}],"collection":[{"href":"https:\/\/encuentroinformativo.com.mx\/index.php?rest_route=\/wp\/v2\/posts"}],"about":[{"href":"https:\/\/encuentroinformativo.com.mx\/index.php?rest_route=\/wp\/v2\/types\/post"}],"author":[{"embeddable":true,"href":"https:\/\/encuentroinformativo.com.mx\/index.php?rest_route=\/wp\/v2\/users\/1"}],"replies":[{"embeddable":true,"href":"https:\/\/encuentroinformativo.com.mx\/index.php?rest_route=%2Fwp%2Fv2%2Fcomments&post=13594"}],"version-history":[{"count":1,"href":"https:\/\/encuentroinformativo.com.mx\/index.php?rest_route=\/wp\/v2\/posts\/13594\/revisions"}],"predecessor-version":[{"id":13595,"href":"https:\/\/encuentroinformativo.com.mx\/index.php?rest_route=\/wp\/v2\/posts\/13594\/revisions\/13595"}],"wp:featuredmedia":[{"embeddable":true,"href":"https:\/\/encuentroinformativo.com.mx\/index.php?rest_route=\/wp\/v2\/media\/70"}],"wp:attachment":[{"href":"https:\/\/encuentroinformativo.com.mx\/index.php?rest_route=%2Fwp%2Fv2%2Fmedia&parent=13594"}],"wp:term":[{"taxonomy":"category","embeddable":true,"href":"https:\/\/encuentroinformativo.com.mx\/index.php?rest_route=%2Fwp%2Fv2%2Fcategories&post=13594"},{"taxonomy":"post_tag","embeddable":true,"href":"https:\/\/encuentroinformativo.com.mx\/index.php?rest_route=%2Fwp%2Fv2%2Ftags&post=13594"}],"curies":[{"name":"wp","href":"https:\/\/api.w.org\/{rel}","templated":true}]}}