{"id":13597,"date":"2021-05-03T09:26:35","date_gmt":"2021-05-03T14:26:35","guid":{"rendered":"https:\/\/encuentroinformativo.com.mx\/?p=13597"},"modified":"2021-05-03T09:26:40","modified_gmt":"2021-05-03T14:26:40","slug":"saltos-de-diputados","status":"publish","type":"post","link":"https:\/\/encuentroinformativo.com.mx\/?p=13597","title":{"rendered":"Saltos de diputados"},"content":{"rendered":"\n<p><strong>Los Pol\u00edticos<\/strong><\/p>\n\n\n\n<p><strong>Salvador Mu\u00f1oz<\/strong><\/p>\n\n\n\n<p>\u00bfA qu\u00e9 aspira un diputado local en estos momentos? Muchos ejemplos tenemos de ello\u2026 ah\u00ed est\u00e1 Maryjose Gamboa Torales, quien busca pasar del Congreso local a las grandes ligas en San L\u00e1zaro. Tenemos otro caso con Juan Manuel de Unanue, que del Palacio de Encanto quiere llegar al Palacio Municipal de Boca del R\u00edo\u2026<\/p>\n\n\n\n<p>Claro que tambi\u00e9n hay m\u00e1s legisladores que tienen otra aspiraci\u00f3n, que es la de repetir en el cargo y en los legisladores de Morena hay muchos botones de ello: Ana Miriam Ferr\u00e1ez y Rosalinda Galindo, ac\u00e1 en Xalapa; tambi\u00e9n est\u00e1 Adriana Esther Mart\u00ednez S\u00e1nchez, actual diputada por el distrito de Mart\u00ednez de la Torre, quien busca refrendar el triunfo que obtuvo en el 2018&#8230; en las mismas condiciones se encuentra Maleno Rosales por Medell\u00edn de Bravo o Margarita Corro, por Cosamaloapan.<\/p>\n\n\n\n<p>Un caso que hicieron chiste ser\u00e1 el de Jessica Ram\u00edrez Cisneros, quien es diputada por Minatitl\u00e1n\u2026 entre los morenos se juega la broma de que ser\u00e1 como su primera elecci\u00f3n aunque en el 2018 ya haya competido y ganado\u2026 es que con toda la \u201chojalater\u00eda\u201d que se hizo, los electores tendr\u00e1n la oportunidad de conocerla de nuevo.<\/p>\n\n\n\n<p>Magaly Armenta es otra de las diputadas que igual medir\u00e1 su trabajo legislativo y de gestor\u00eda en el distrito de Cosoleacaque\u2026 \u00bfque qui\u00e9n es Magaly? \u00a1Pues la dipu-enfermera que le puso la inyecci\u00f3n al Car\u00f3n cuando \u00e9ste mostr\u00f3 sus pompis en un video!<\/p>\n\n\n\n<p>No s\u00e9 si haya otros casos similares, pero es digno de reconocer el valor de Elizabeth Cervantes de la Cruz, la diputada morenita que lleg\u00f3 a una curul por la v\u00eda plurinominal, quien ahora expondr\u00e1 su labor en el Palacio de Encanto ante las urnas del distrito local de \u00c1lamo.<\/p>\n\n\n\n<p>Hasta ac\u00e1, tenemos puros diputados que quieren brincar para arriba\u2026 el \u201carriba\u201d implica, lo reiteramos, buscar un cargo en San L\u00e1zaro, ser alcalde de su municipio o tratar de repetir en la curul local\u2026<\/p>\n\n\n\n<p>Y s\u00ed, parece un pleonasmo decir \u201cbrincar para arriba\u201d pero hay algunos diputados que buscan \u201cbrincar para abajo\u201d&#8230; \u00bfpor qu\u00e9 no? \u00a1hay saltos al vac\u00edo y que parecen que caen para arriba!<\/p>\n\n\n\n<p>Un par\u00e9ntesis (Antes, llegar al esca\u00f1o de la C\u00e1mara Alta implicaba para el pol\u00edtico un pasito para la Gubernatura\u2026 al menos as\u00ed lo percib\u00eda hasta que dos hechos echaron abajo mi pobre percepci\u00f3n de la pol\u00edtica: El primero, cuando Javier Duarte de Ochoa pasa de Diputado federal a candidato a Gobernador\u2026 y gana. El segundo, cuando Fernando Yunes M\u00e1rquez pasa de Senador a candidato a alcalde y termina siendo presidente municipal\u2026 El tercero y m\u00e1s reciente, Ricardo Ahued, quien repite la misma operaci\u00f3n de Chiquinando para esta elecci\u00f3n 2021. Si bien, tanto Duarte de Ochoa como Fernando Yunes hicieron dos brincos diferentes ((uno, de abajo \u00a1hasta arriba!; el otro, de arriba para quedar tablas, digo, ser alcalde de uno de los Puertos m\u00e1s importantes del pa\u00eds es igual que sacarse la loter\u00eda)), pol\u00edticamente ganaron\u2026 en el caso de Ricardo Ahued ya se sabe que si busca ser alcalde es para hacerle el favor a Morena\u2026 no tanto por un inter\u00e9s personal o por los xalape\u00f1os\u2026)<\/p>\n\n\n\n<p>Volviendo a nuestros diputados locales, me encuentro un caso interesante en una de ellos que salta \u00a1para abajo! pues quiere ser regidora por San Juan Evangelista\u2026 s\u00ed, de diputada a regidora\u2026 y no, no se trata de minimizar al cargo edilicio, sino tambi\u00e9n entender el porqu\u00e9 de sus ambiciones, aspiraciones o alcances.<\/p>\n\n\n\n<p>Hablamos de Vicky Virginia Tadeo, actual diputada plurinominal, quien si la memoria no me falla, no le conoc\u00ed iniciativa alguna, ni una ocasi\u00f3n la vi en Tribuna y por ende, alzando la voz por las dos comisiones que tuvo a su cargo: Agua y Saneamiento (vocal) as\u00ed como Pesca y Acuacultura (Presidenta).<\/p>\n\n\n\n<p>Estoy de acuerdo, Morena no es el \u00fanico partido que abarate las regidur\u00edas, pero premiar la labor gris y opaca de una diputada poni\u00e9ndola en el 2 en la planilla por San Juan Evangelista es un mucho romper con eso de su \u201cNo mentir, no robar, no traicionar\u201d&#8230; porque se le miente a ella postul\u00e1ndola como si lo que hizo en el Congreso fuera objeto de un premio (\u00bfo estoy yo equivocado y desde la percepci\u00f3n Morena, se le est\u00e1 castigando?); se le roba a otro moreno quiz\u00e1s con m\u00e9ritos la oportunidad de hacer pol\u00edtica; y se traiciona los principios que tanto predican pero que a veces (muchas veces), lejos est\u00e1n de cumplir consigo mismos\u2026 \u00a1claro que para Vicky no es un salto al vac\u00edo! est\u00e1 a un paso de seguir cayendo en blandito, como esa curul que durante ya casi tres a\u00f1os, \u00a1calent\u00f3 muy bonito!<\/p>\n\n\n\n<p><a href=\"mailto:smcainito@gmail.com\" target=\"_blank\" rel=\"noreferrer noopener\">smcainito@gmail.com<\/a><\/p>\n","protected":false},"excerpt":{"rendered":"<p>Los Pol\u00edticos Salvador Mu\u00f1oz \u00bfA qu\u00e9 aspira un diputado local en estos momentos? Muchos ejemplos tenemos de ello\u2026 ah\u00ed est\u00e1 Maryjose Gamboa Torales, quien busca pasar del Congreso local a las grandes ligas en San L\u00e1zaro. Tenemos otro caso con Juan Manuel de Unanue, que del Palacio de Encanto quiere llegar al Palacio Municipal de [&hellip;]<\/p>\n","protected":false},"author":1,"featured_media":70,"comment_status":"open","ping_status":"open","sticky":false,"template":"","format":"standard","meta":{"_jetpack_memberships_contains_paid_content":false,"footnotes":""},"categories":[11],"tags":[],"class_list":["post-13597","post","type-post","status-publish","format-standard","has-post-thumbnail","hentry","category-opinion"],"jetpack_featured_media_url":"https:\/\/encuentroinformativo.com.mx\/wp-content\/uploads\/2020\/02\/opinion-invitado.jpg","jetpack_sharing_enabled":true,"jetpack_likes_enabled":true,"amp_enabled":true,"_links":{"self":[{"href":"https:\/\/encuentroinformativo.com.mx\/index.php?rest_route=\/wp\/v2\/posts\/13597","targetHints":{"allow":["GET"]}}],"collection":[{"href":"https:\/\/encuentroinformativo.com.mx\/index.php?rest_route=\/wp\/v2\/posts"}],"about":[{"href":"https:\/\/encuentroinformativo.com.mx\/index.php?rest_route=\/wp\/v2\/types\/post"}],"author":[{"embeddable":true,"href":"https:\/\/encuentroinformativo.com.mx\/index.php?rest_route=\/wp\/v2\/users\/1"}],"replies":[{"embeddable":true,"href":"https:\/\/encuentroinformativo.com.mx\/index.php?rest_route=%2Fwp%2Fv2%2Fcomments&post=13597"}],"version-history":[{"count":1,"href":"https:\/\/encuentroinformativo.com.mx\/index.php?rest_route=\/wp\/v2\/posts\/13597\/revisions"}],"predecessor-version":[{"id":13598,"href":"https:\/\/encuentroinformativo.com.mx\/index.php?rest_route=\/wp\/v2\/posts\/13597\/revisions\/13598"}],"wp:featuredmedia":[{"embeddable":true,"href":"https:\/\/encuentroinformativo.com.mx\/index.php?rest_route=\/wp\/v2\/media\/70"}],"wp:attachment":[{"href":"https:\/\/encuentroinformativo.com.mx\/index.php?rest_route=%2Fwp%2Fv2%2Fmedia&parent=13597"}],"wp:term":[{"taxonomy":"category","embeddable":true,"href":"https:\/\/encuentroinformativo.com.mx\/index.php?rest_route=%2Fwp%2Fv2%2Fcategories&post=13597"},{"taxonomy":"post_tag","embeddable":true,"href":"https:\/\/encuentroinformativo.com.mx\/index.php?rest_route=%2Fwp%2Fv2%2Ftags&post=13597"}],"curies":[{"name":"wp","href":"https:\/\/api.w.org\/{rel}","templated":true}]}}